{"id":23267,"date":"2015-09-07T17:03:29","date_gmt":"2015-09-07T16:03:29","guid":{"rendered":"http:\/\/2horizontes.com\/?p=23267"},"modified":"2015-09-07T17:03:29","modified_gmt":"2015-09-07T16:03:29","slug":"matan-reo-durante-fuga-en-bani-rd-otro-herido","status":"publish","type":"post","link":"https:\/\/2horizontes.com\/?p=23267","title":{"rendered":"Matan reo durante fuga en Ban\u00ed RD; otro herido"},"content":{"rendered":"<p>RD- BANI-Un recluso result\u00f3 muerto\u00a0 y otro herido, durante una acci\u00f3n de fuga en la c\u00e1rcel de Ban\u00ed, en compa\u00f1\u00eda de un tercero que logr\u00f3 su objetivo, luego de cortar los barrotes de la celda donde se encontraban y saltar la malla cicl\u00f3nica del recinto, inform\u00f3 la Polic\u00eda.<\/p>\n<p>El cuerpo policial dijo que el recluso Edwin Espinosa (Bombillo) muri\u00f3 a causa de herida de bala mientras recib\u00eda atenciones m\u00e9dicas en un centro de salud. El herido es Jeilyn Rafeli Arias Tejeda, quien recibe atenciones m\u00e9dicas.<\/p>\n<p>En tanto, el reo Rafael Emilio And\u00fajar Mateo logr\u00f3 escapar del recinto, por lo que se activa la localizaci\u00f3n. En la intervenci\u00f3n de las autoridades tambi\u00e9n result\u00f3 herido un hombre que se encontraba en las inmediaciones del lugar, cuya identidad a\u00fan no ha sido precisada.<\/p>\n<p>El reporte preliminar indica que los tres reclusos, el hoy occiso, el herido y el pr\u00f3fugo, se encontraban en la celda de reflexi\u00f3n del referido recinto, logrando cortaron los barrotes con una segueta.<\/p>\n<p>Posteriormente, siempre de acuerdo al reporte preliminar, se dirigieron hasta la malla cicl\u00f3nica logrando saltarla, pero fueron descubiertos y cuando se le mand\u00f3 el alto atacaron con un arma blanca a uno de los custodios, vi\u00e9ndose en la imperiosa necesidad de utilizar su arma de fuego.<\/p>\n","protected":false},"excerpt":{"rendered":"<p>RD- BANI-Un recluso result\u00f3 muerto\u00a0 y otro herido, durante una acci\u00f3n de fuga en la c\u00e1rcel de Ban\u00ed, en compa\u00f1\u00eda de un tercero que logr\u00f3 su objetivo, luego de cortar los barrotes de la celda donde se encontraban y saltar la malla cicl\u00f3nica del recinto, inform\u00f3 la Polic\u00eda. El cuerpo policial dijo que el recluso [&hellip;]<\/p>\n","protected":false},"author":8,"featured_media":23272,"comment_status":"open","ping_status":"open","sticky":false,"template":"","format":"standard","meta":{"footnotes":""},"categories":[53,44],"tags":[],"class_list":["post-23267","post","type-post","status-publish","format-standard","has-post-thumbnail","hentry","category-provincias","category-republica-dominicana"],"_links":{"self":[{"href":"https:\/\/2horizontes.com\/index.php?rest_route=\/wp\/v2\/posts\/23267","targetHints":{"allow":["GET"]}}],"collection":[{"href":"https:\/\/2horizontes.com\/index.php?rest_route=\/wp\/v2\/posts"}],"about":[{"href":"https:\/\/2horizontes.com\/index.php?rest_route=\/wp\/v2\/types\/post"}],"author":[{"embeddable":true,"href":"https:\/\/2horizontes.com\/index.php?rest_route=\/wp\/v2\/users\/8"}],"replies":[{"embeddable":true,"href":"https:\/\/2horizontes.com\/index.php?rest_route=%2Fwp%2Fv2%2Fcomments&post=23267"}],"version-history":[{"count":1,"href":"https:\/\/2horizontes.com\/index.php?rest_route=\/wp\/v2\/posts\/23267\/revisions"}],"predecessor-version":[{"id":23275,"href":"https:\/\/2horizontes.com\/index.php?rest_route=\/wp\/v2\/posts\/23267\/revisions\/23275"}],"wp:featuredmedia":[{"embeddable":true,"href":"https:\/\/2horizontes.com\/index.php?rest_route=\/wp\/v2\/media\/23272"}],"wp:attachment":[{"href":"https:\/\/2horizontes.com\/index.php?rest_route=%2Fwp%2Fv2%2Fmedia&parent=23267"}],"wp:term":[{"taxonomy":"category","embeddable":true,"href":"https:\/\/2horizontes.com\/index.php?rest_route=%2Fwp%2Fv2%2Fcategories&post=23267"},{"taxonomy":"post_tag","embeddable":true,"href":"https:\/\/2horizontes.com\/index.php?rest_route=%2Fwp%2Fv2%2Ftags&post=23267"}],"curies":[{"name":"wp","href":"https:\/\/api.w.org\/{rel}","templated":true}]}}