{"id":2325,"date":"2014-09-26T12:54:37","date_gmt":"2014-09-26T12:54:37","guid":{"rendered":"http:\/\/2horizontes.com\/?p=2325"},"modified":"2014-09-26T12:54:37","modified_gmt":"2014-09-26T12:54:37","slug":"carro-se-accidenta-y-penetra-en-casa-en-rd","status":"publish","type":"post","link":"https:\/\/2horizontes.com\/?p=2325","title":{"rendered":"Carro se accidenta y penetra en casa en RD."},"content":{"rendered":"<p><a href=\"http:\/\/2horizontes.com\/wp-content\/uploads\/2014\/09\/j.jpg\"><img loading=\"lazy\" decoding=\"async\" src=\"http:\/\/2horizontes.com\/wp-content\/uploads\/2014\/09\/j-300x199.jpg\" alt=\"????????????????????????????????????????????????????????????????????????????????????????????????????????????????????????????????????????????????????????????????????????\" width=\"300\" height=\"199\" class=\"alignleft size-medium wp-image-2326\" srcset=\"https:\/\/2horizontes.com\/wp-content\/uploads\/2014\/09\/j-300x199.jpg 300w, https:\/\/2horizontes.com\/wp-content\/uploads\/2014\/09\/j-510x338.jpg 510w, https:\/\/2horizontes.com\/wp-content\/uploads\/2014\/09\/j-624x414.jpg 624w, https:\/\/2horizontes.com\/wp-content\/uploads\/2014\/09\/j.jpg 640w\" sizes=\"auto, (max-width: 300px) 100vw, 300px\" \/><\/a><\/p>\n<p>Un carro que transitaba a alta velocidad por la autopista 6 de Noviembre, desde San Crist\u00f3bal hacia Santo Domingo se estrell\u00f3 contra una vivienda, en el sector Las Malvinas de Herrera, luego de cruzar sobre la isleta que divide las v\u00edas en la llamada curva de la muerte.<\/p>\n<p>El carro Honda Civic, placa A616547, conducido por un joven de unos 20 a\u00f1os, penetr\u00f3 a la casa n\u00famero 64 de la se\u00f1ora Chel\u00edn Mar\u00eda Hern\u00e1ndez Castro, pasadas las 11:00 de la noche, y no sucedi\u00f3 una desgracia porque dorm\u00edan en las habitaciones, ya que el veh\u00edculo entr\u00f3 a la galer\u00eda.<\/p>\n<p>Hern\u00e1ndez Castro, expres\u00f3 que no es la primera vez que veh\u00edculos que transitan desde el Sur hacia la capital al llegar a la curva de la muerte siguen y terminan en las viviendas de Las Malvinas y que hace un mes un yipeta tambi\u00e9n lleg\u00f3 a su hogar.<\/p>\n<p>Inform\u00f3 que en los \u00faltimos dos meses, al menos cinco veh\u00edculos han llegado hasta sus hogares, lo que atribuye a la falta de se\u00f1alizaci\u00f3n y de un muro de contenci\u00f3n que evite que estos sigan derecho cuando sus conductores pierdan el control. Los vecinos del lugar culpan al Ministerio de Obras P\u00fablicas de los que ocurra.<\/p>\n","protected":false},"excerpt":{"rendered":"<p>Un carro que transitaba a alta velocidad por la autopista 6 de Noviembre, desde San Crist\u00f3bal hacia Santo Domingo se estrell\u00f3 contra una vivienda, en el sector Las Malvinas de Herrera, luego de cruzar sobre la isleta que divide las v\u00edas en la llamada curva de la muerte. El carro Honda Civic, placa A616547, conducido [&hellip;]<\/p>\n","protected":false},"author":1,"featured_media":0,"comment_status":"open","ping_status":"open","sticky":false,"template":"","format":"standard","meta":{"footnotes":""},"categories":[1],"tags":[],"class_list":["post-2325","post","type-post","status-publish","format-standard","hentry","category-entretenimiento"],"_links":{"self":[{"href":"https:\/\/2horizontes.com\/index.php?rest_route=\/wp\/v2\/posts\/2325","targetHints":{"allow":["GET"]}}],"collection":[{"href":"https:\/\/2horizontes.com\/index.php?rest_route=\/wp\/v2\/posts"}],"about":[{"href":"https:\/\/2horizontes.com\/index.php?rest_route=\/wp\/v2\/types\/post"}],"author":[{"embeddable":true,"href":"https:\/\/2horizontes.com\/index.php?rest_route=\/wp\/v2\/users\/1"}],"replies":[{"embeddable":true,"href":"https:\/\/2horizontes.com\/index.php?rest_route=%2Fwp%2Fv2%2Fcomments&post=2325"}],"version-history":[{"count":1,"href":"https:\/\/2horizontes.com\/index.php?rest_route=\/wp\/v2\/posts\/2325\/revisions"}],"predecessor-version":[{"id":2327,"href":"https:\/\/2horizontes.com\/index.php?rest_route=\/wp\/v2\/posts\/2325\/revisions\/2327"}],"wp:attachment":[{"href":"https:\/\/2horizontes.com\/index.php?rest_route=%2Fwp%2Fv2%2Fmedia&parent=2325"}],"wp:term":[{"taxonomy":"category","embeddable":true,"href":"https:\/\/2horizontes.com\/index.php?rest_route=%2Fwp%2Fv2%2Fcategories&post=2325"},{"taxonomy":"post_tag","embeddable":true,"href":"https:\/\/2horizontes.com\/index.php?rest_route=%2Fwp%2Fv2%2Ftags&post=2325"}],"curies":[{"name":"wp","href":"https:\/\/api.w.org\/{rel}","templated":true}]}}