{"id":23244,"date":"2015-09-07T16:36:31","date_gmt":"2015-09-07T15:36:31","guid":{"rendered":"http:\/\/2horizontes.com\/?p=23244"},"modified":"2015-09-07T16:36:31","modified_gmt":"2015-09-07T15:36:31","slug":"adp-inicia-paro-de-docencia-en-barahona-y-monta-vigilia-frente-a-direccion-regional","status":"publish","type":"post","link":"https:\/\/2horizontes.com\/?p=23244","title":{"rendered":"ADP inicia paro de docencia en Barahona y monta vigilia frente a direcci\u00f3n regional"},"content":{"rendered":"<p>RD- BARAHONA-Desde hace tres semanas las escuelas y liceos p\u00fablicos de este municipio solo trabajan medio tiempo en solidaridad con la comunidad del barrio Palmarito que reclama la construcci\u00f3n de 12 nuevas aulas para el centro de la comunidad, en apoyo a los t\u00e9cnicos distritales y porque se mejore la calidad del alimento escolar.<\/p>\n<p>Este lunes la Asociaci\u00f3n Dominicana de Profesores (ADP) radicaliz\u00f3 su protesta e inici\u00f3 un paro de labores 72 horas, que afecta a cientos de estudiantes ante la imposibilitad de recibir el pan de la ense\u00f1anza.<\/p>\n<p>El presidente municipal de la ADP, profesor Miguel \u00c1ngel F\u00e9lix, dijo\u00a0 que la protesta que vienen desarrollando desde el inicio del a\u00f1o escolar podr\u00eda radicalizarse, por lo que llam\u00f3 al ministro de Educaci\u00f3n Carlos Amarante Baret buscarle soluci\u00f3n a las demandas que plantean.<\/p>\n<p>Los profesores que imparten docencia en las distintas escuelas y liceos de este municipio se apostaron en una vigilia como parte de su lucha al frente de la sede de la Direcci\u00f3n Regional 01 del Ministerio de Educaci\u00f3n y del Distrito Escolar 0103.<\/p>\n<p>F\u00e9lix aseguro que ma\u00f1ana martes har\u00e1n otra concentraci\u00f3n de manera pac\u00edfica al frente de la Gobernaci\u00f3n Provincial y el mi\u00e9rcoles realizan una marcha que recorrer\u00e1 varias calles hasta culminar en el Parque Central \u201cLuis E. Del Monte\u201d.<\/p>\n<p>Huelga el jueves en Palmarito<\/p>\n<p>Frank Flori\u00e1n, dirigente comunitario del barrio Palmarito, anunci\u00f3 que para el pr\u00f3ximo jueves ese sector tiene programado un paro de actividades que buscan extenderlo a otros sectores, como forma de presionar para que se construyan las 12 aulas que requiere la escuela Santo Domingo Savio.<\/p>\n<p>Flori\u00e1n dijo que han realizado diversas actividades pacificas para conseguir que el Minerd, a trav\u00e9s de la Regional 01, construya las 12 aulas, pero no han conseguido sus prop\u00f3sitos a pesar de que ha sido reiterativo en sus reclamos.<\/p>\n<p>Se recuerda que la escuela b\u00e1sica Santo Domingo Savio no ha iniciado el a\u00f1o escolar, el cual comenz\u00f3 oficialmente el lunes 17 de agosto, debido a que el centro no tiene capacidad para albergar a los casi 700 alumnos.<\/p>\n<p>El centro fue pasado de Modalidad General a Jornada Escolar Extendida, lo que ha provocado el conflicto, ya que no caben los estudiantes.<\/p>\n","protected":false},"excerpt":{"rendered":"<p>RD- BARAHONA-Desde hace tres semanas las escuelas y liceos p\u00fablicos de este municipio solo trabajan medio tiempo en solidaridad con la comunidad del barrio Palmarito que reclama la construcci\u00f3n de 12 nuevas aulas para el centro de la comunidad, en apoyo a los t\u00e9cnicos distritales y porque se mejore la calidad del alimento escolar. Este [&hellip;]<\/p>\n","protected":false},"author":8,"featured_media":23248,"comment_status":"open","ping_status":"open","sticky":false,"template":"","format":"standard","meta":{"footnotes":""},"categories":[55,53,44],"tags":[],"class_list":["post-23244","post","type-post","status-publish","format-standard","has-post-thumbnail","hentry","category-educacion","category-provincias","category-republica-dominicana"],"_links":{"self":[{"href":"https:\/\/2horizontes.com\/index.php?rest_route=\/wp\/v2\/posts\/23244","targetHints":{"allow":["GET"]}}],"collection":[{"href":"https:\/\/2horizontes.com\/index.php?rest_route=\/wp\/v2\/posts"}],"about":[{"href":"https:\/\/2horizontes.com\/index.php?rest_route=\/wp\/v2\/types\/post"}],"author":[{"embeddable":true,"href":"https:\/\/2horizontes.com\/index.php?rest_route=\/wp\/v2\/users\/8"}],"replies":[{"embeddable":true,"href":"https:\/\/2horizontes.com\/index.php?rest_route=%2Fwp%2Fv2%2Fcomments&post=23244"}],"version-history":[{"count":1,"href":"https:\/\/2horizontes.com\/index.php?rest_route=\/wp\/v2\/posts\/23244\/revisions"}],"predecessor-version":[{"id":23250,"href":"https:\/\/2horizontes.com\/index.php?rest_route=\/wp\/v2\/posts\/23244\/revisions\/23250"}],"wp:featuredmedia":[{"embeddable":true,"href":"https:\/\/2horizontes.com\/index.php?rest_route=\/wp\/v2\/media\/23248"}],"wp:attachment":[{"href":"https:\/\/2horizontes.com\/index.php?rest_route=%2Fwp%2Fv2%2Fmedia&parent=23244"}],"wp:term":[{"taxonomy":"category","embeddable":true,"href":"https:\/\/2horizontes.com\/index.php?rest_route=%2Fwp%2Fv2%2Fcategories&post=23244"},{"taxonomy":"post_tag","embeddable":true,"href":"https:\/\/2horizontes.com\/index.php?rest_route=%2Fwp%2Fv2%2Ftags&post=23244"}],"curies":[{"name":"wp","href":"https:\/\/api.w.org\/{rel}","templated":true}]}}