{"id":23235,"date":"2015-09-07T16:17:55","date_gmt":"2015-09-07T15:17:55","guid":{"rendered":"http:\/\/2horizontes.com\/?p=23235"},"modified":"2015-09-07T16:17:55","modified_gmt":"2015-09-07T15:17:55","slug":"el-deporte-espanol-se-solidariza-con-las-victimas-del-rally-de-a-coruna","status":"publish","type":"post","link":"https:\/\/2horizontes.com\/?p=23235","title":{"rendered":"El deporte espa\u00f1ol se solidariza con las v\u00edctimas del Rally de A Coru\u00f1a"},"content":{"rendered":"<p>La Selecci\u00f3n Espa\u00f1ola de F\u00fatbol ha guardado un minuto de silencio en recuerdo de las seis v\u00edctimas mortales del fatal accidente sucedido este s\u00e1bado durante el Rally de A Coru\u00f1a, y como muestra de apoyo a sus familiares.<\/p>\n<p>La expedici\u00f3n internacional ha querido homenajear as\u00ed a los seis fallecidos. Tambi\u00e9n lo ha hecho el combinado nacional de baloncesto, a trav\u00e9s de Nikola Mirotic: \u00abNos hemos enterado y nos quedamos helados.<\/p>\n<p>Ha sido una gran l\u00e1stima. En nombre de todo el equipo, mandar mucho \u00e1nimo a todas esas familias que han sufrido esa p\u00e9rdida tan grande\u00bb, ha dicho. Mariano Rajoy, el Consejo Superior de Deportes y equipos como el D\u00e9por, tambi\u00e9n han mostrado su pesar.<\/p>\n","protected":false},"excerpt":{"rendered":"<p>La Selecci\u00f3n Espa\u00f1ola de F\u00fatbol ha guardado un minuto de silencio en recuerdo de las seis v\u00edctimas mortales del fatal accidente sucedido este s\u00e1bado durante el Rally de A Coru\u00f1a, y como muestra de apoyo a sus familiares. La expedici\u00f3n internacional ha querido homenajear as\u00ed a los seis fallecidos. Tambi\u00e9n lo ha hecho el combinado [&hellip;]<\/p>\n","protected":false},"author":3,"featured_media":23236,"comment_status":"open","ping_status":"open","sticky":false,"template":"","format":"standard","meta":{"footnotes":""},"categories":[42,85],"tags":[],"class_list":["post-23235","post","type-post","status-publish","format-standard","has-post-thumbnail","hentry","category-deportes","category-espana"],"_links":{"self":[{"href":"https:\/\/2horizontes.com\/index.php?rest_route=\/wp\/v2\/posts\/23235","targetHints":{"allow":["GET"]}}],"collection":[{"href":"https:\/\/2horizontes.com\/index.php?rest_route=\/wp\/v2\/posts"}],"about":[{"href":"https:\/\/2horizontes.com\/index.php?rest_route=\/wp\/v2\/types\/post"}],"author":[{"embeddable":true,"href":"https:\/\/2horizontes.com\/index.php?rest_route=\/wp\/v2\/users\/3"}],"replies":[{"embeddable":true,"href":"https:\/\/2horizontes.com\/index.php?rest_route=%2Fwp%2Fv2%2Fcomments&post=23235"}],"version-history":[{"count":1,"href":"https:\/\/2horizontes.com\/index.php?rest_route=\/wp\/v2\/posts\/23235\/revisions"}],"predecessor-version":[{"id":23237,"href":"https:\/\/2horizontes.com\/index.php?rest_route=\/wp\/v2\/posts\/23235\/revisions\/23237"}],"wp:featuredmedia":[{"embeddable":true,"href":"https:\/\/2horizontes.com\/index.php?rest_route=\/wp\/v2\/media\/23236"}],"wp:attachment":[{"href":"https:\/\/2horizontes.com\/index.php?rest_route=%2Fwp%2Fv2%2Fmedia&parent=23235"}],"wp:term":[{"taxonomy":"category","embeddable":true,"href":"https:\/\/2horizontes.com\/index.php?rest_route=%2Fwp%2Fv2%2Fcategories&post=23235"},{"taxonomy":"post_tag","embeddable":true,"href":"https:\/\/2horizontes.com\/index.php?rest_route=%2Fwp%2Fv2%2Ftags&post=23235"}],"curies":[{"name":"wp","href":"https:\/\/api.w.org\/{rel}","templated":true}]}}