{"id":23231,"date":"2015-09-07T16:15:15","date_gmt":"2015-09-07T15:15:15","guid":{"rendered":"http:\/\/2horizontes.com\/?p=23231"},"modified":"2015-09-07T16:15:15","modified_gmt":"2015-09-07T15:15:15","slug":"juez-impone-un-ano-de-prision-para-cuatro-acusados-de-matar-a-un-ganadero-en-puerto-plata","status":"publish","type":"post","link":"https:\/\/2horizontes.com\/?p=23231","title":{"rendered":"Juez impone un a\u00f1o de prisi\u00f3n para cuatro acusados de matar a un ganadero en Puerto Plata"},"content":{"rendered":"<p>RD- PUERTO PLATA-El Juzgado de Atenci\u00f3n Permanente de Puerto Plata impuso un a\u00f1o de prisi\u00f3n preventiva, como medida de coerci\u00f3n, contra cuatro hombres implicados en la muerte del ganadero, Rub\u00e9n Dar\u00edo Almonte Bonilla, ocurrida el pasado 1 de septiembre en el sector La Vig\u00eda de esa ciudad.<\/p>\n<p>La jueza Rosalva Francisco impuso la medida a\u00a0 Nathanael Basilio De La Cruz (Nata), Marino Apolinar Minaya Henr\u00edquez (El Guardia), Jes\u00fas Antonio Espinal (Chucho) y Franklin de Jes\u00fas Santos,\u00a0 a solicitud de la fiscal\u00eda de esa jurisdicci\u00f3n.<\/p>\n<p>La nota refiere que el hecho se produjo en momentos en que los imputados, vestidos de negro, con gorras y chalecos de la Polic\u00eda Nacional y la Direcci\u00f3n Nacional de Control de Drogas (DNCD), interceptaron a la v\u00edctima y le propinaron m\u00faltiples impactos de bala que le provocaron la muerte en el acto.<\/p>\n<p>De acuerdo a lo establecido por el Ministerio P\u00fablico, los imputados le sustrajeron a la v\u00edctima una pistola Glock y la suma de 500 mil pesos. El grupo, que fue arrestado tres d\u00edas despu\u00e9s en la ciudad de La Vega, cumplir\u00e1 la prisi\u00f3n preventiva en el Centro de Correcci\u00f3n y Rehabilitaci\u00f3n San Felipe, de Puerto Plata<\/p>\n","protected":false},"excerpt":{"rendered":"<p>RD- PUERTO PLATA-El Juzgado de Atenci\u00f3n Permanente de Puerto Plata impuso un a\u00f1o de prisi\u00f3n preventiva, como medida de coerci\u00f3n, contra cuatro hombres implicados en la muerte del ganadero, Rub\u00e9n Dar\u00edo Almonte Bonilla, ocurrida el pasado 1 de septiembre en el sector La Vig\u00eda de esa ciudad. La jueza Rosalva Francisco impuso la medida a\u00a0 [&hellip;]<\/p>\n","protected":false},"author":8,"featured_media":23232,"comment_status":"open","ping_status":"open","sticky":false,"template":"","format":"standard","meta":{"footnotes":""},"categories":[53,44],"tags":[],"class_list":["post-23231","post","type-post","status-publish","format-standard","has-post-thumbnail","hentry","category-provincias","category-republica-dominicana"],"_links":{"self":[{"href":"https:\/\/2horizontes.com\/index.php?rest_route=\/wp\/v2\/posts\/23231","targetHints":{"allow":["GET"]}}],"collection":[{"href":"https:\/\/2horizontes.com\/index.php?rest_route=\/wp\/v2\/posts"}],"about":[{"href":"https:\/\/2horizontes.com\/index.php?rest_route=\/wp\/v2\/types\/post"}],"author":[{"embeddable":true,"href":"https:\/\/2horizontes.com\/index.php?rest_route=\/wp\/v2\/users\/8"}],"replies":[{"embeddable":true,"href":"https:\/\/2horizontes.com\/index.php?rest_route=%2Fwp%2Fv2%2Fcomments&post=23231"}],"version-history":[{"count":1,"href":"https:\/\/2horizontes.com\/index.php?rest_route=\/wp\/v2\/posts\/23231\/revisions"}],"predecessor-version":[{"id":23233,"href":"https:\/\/2horizontes.com\/index.php?rest_route=\/wp\/v2\/posts\/23231\/revisions\/23233"}],"wp:featuredmedia":[{"embeddable":true,"href":"https:\/\/2horizontes.com\/index.php?rest_route=\/wp\/v2\/media\/23232"}],"wp:attachment":[{"href":"https:\/\/2horizontes.com\/index.php?rest_route=%2Fwp%2Fv2%2Fmedia&parent=23231"}],"wp:term":[{"taxonomy":"category","embeddable":true,"href":"https:\/\/2horizontes.com\/index.php?rest_route=%2Fwp%2Fv2%2Fcategories&post=23231"},{"taxonomy":"post_tag","embeddable":true,"href":"https:\/\/2horizontes.com\/index.php?rest_route=%2Fwp%2Fv2%2Ftags&post=23231"}],"curies":[{"name":"wp","href":"https:\/\/api.w.org\/{rel}","templated":true}]}}