{"id":23228,"date":"2015-09-07T16:10:36","date_gmt":"2015-09-07T15:10:36","guid":{"rendered":"http:\/\/2horizontes.com\/?p=23228"},"modified":"2015-09-07T16:10:36","modified_gmt":"2015-09-07T15:10:36","slug":"llaman-a-no-echar-combustible-los-martes-en-rd","status":"publish","type":"post","link":"https:\/\/2horizontes.com\/?p=23228","title":{"rendered":"Llaman a no echar combustible los martes en RD"},"content":{"rendered":"<p>RD- SANTO DOMINGO-A fin de protestar por el elevado costo de la gasolina, el movimiento Somos Pueblo, invit\u00f3 a no echar combustible los martes.El anuncio lo hizo la vocera de la organizaci\u00f3n c\u00edvica, Clarisa Gil, quien se\u00f1al\u00f3 que la idea de la campa\u00f1a \u00a1Martes no eches! es exigirle al gobierno que cumpla con las leyes y f\u00f3rmulas establecidas para eliminar los factores que distorsionan el alza de los productos derivados del petr\u00f3leo.<\/p>\n<p>\u201cEste martes, realizaremos una protesta c\u00edvica que consistir\u00e1 en una ordenada marcha y caravana que se iniciar\u00e1 a partir de las 10:00 am en la esquina de las avenidas Pedro Livio y Cede\u00f1o Duarte y que recorrer\u00e1 varias v\u00edas del centro de Santo Domingo\u201d, coment\u00f3.<\/p>\n<p>Entretanto, Eduardo S\u00e1nchez, explic\u00f3 que la protesta tambi\u00e9n invadir\u00e1 las redes sociales e invit\u00f3 a la ciudadan\u00eda a utilizar ese d\u00eda las etiquetas Somos Pueblo y Martes no eches y retuitear las diversas acciones que se promover\u00e1n para instar a la baja en los precios de los combustibles y lubricantes.<\/p>\n<p>\u201cEl llamado es a le gente a no echar gasolina los martes, porque semanalmente nos est\u00e1n robando aproximadamente mil millones de pesos\u201d, denunci\u00f3.<\/p>\n","protected":false},"excerpt":{"rendered":"<p>RD- SANTO DOMINGO-A fin de protestar por el elevado costo de la gasolina, el movimiento Somos Pueblo, invit\u00f3 a no echar combustible los martes.El anuncio lo hizo la vocera de la organizaci\u00f3n c\u00edvica, Clarisa Gil, quien se\u00f1al\u00f3 que la idea de la campa\u00f1a \u00a1Martes no eches! es exigirle al gobierno que cumpla con las leyes [&hellip;]<\/p>\n","protected":false},"author":8,"featured_media":23229,"comment_status":"open","ping_status":"open","sticky":false,"template":"","format":"standard","meta":{"footnotes":""},"categories":[63,84,44],"tags":[],"class_list":["post-23228","post","type-post","status-publish","format-standard","has-post-thumbnail","hentry","category-economia","category-otras-noticias","category-republica-dominicana"],"_links":{"self":[{"href":"https:\/\/2horizontes.com\/index.php?rest_route=\/wp\/v2\/posts\/23228","targetHints":{"allow":["GET"]}}],"collection":[{"href":"https:\/\/2horizontes.com\/index.php?rest_route=\/wp\/v2\/posts"}],"about":[{"href":"https:\/\/2horizontes.com\/index.php?rest_route=\/wp\/v2\/types\/post"}],"author":[{"embeddable":true,"href":"https:\/\/2horizontes.com\/index.php?rest_route=\/wp\/v2\/users\/8"}],"replies":[{"embeddable":true,"href":"https:\/\/2horizontes.com\/index.php?rest_route=%2Fwp%2Fv2%2Fcomments&post=23228"}],"version-history":[{"count":1,"href":"https:\/\/2horizontes.com\/index.php?rest_route=\/wp\/v2\/posts\/23228\/revisions"}],"predecessor-version":[{"id":23230,"href":"https:\/\/2horizontes.com\/index.php?rest_route=\/wp\/v2\/posts\/23228\/revisions\/23230"}],"wp:featuredmedia":[{"embeddable":true,"href":"https:\/\/2horizontes.com\/index.php?rest_route=\/wp\/v2\/media\/23229"}],"wp:attachment":[{"href":"https:\/\/2horizontes.com\/index.php?rest_route=%2Fwp%2Fv2%2Fmedia&parent=23228"}],"wp:term":[{"taxonomy":"category","embeddable":true,"href":"https:\/\/2horizontes.com\/index.php?rest_route=%2Fwp%2Fv2%2Fcategories&post=23228"},{"taxonomy":"post_tag","embeddable":true,"href":"https:\/\/2horizontes.com\/index.php?rest_route=%2Fwp%2Fv2%2Ftags&post=23228"}],"curies":[{"name":"wp","href":"https:\/\/api.w.org\/{rel}","templated":true}]}}