{"id":23215,"date":"2015-09-07T15:41:20","date_gmt":"2015-09-07T14:41:20","guid":{"rendered":"http:\/\/2horizontes.com\/?p=23215"},"modified":"2015-09-07T15:41:20","modified_gmt":"2015-09-07T14:41:20","slug":"hasta-el-momento-policia-no-identifica-como-agente-hombre-de-foto-tomando-cerveza-con-pistola","status":"publish","type":"post","link":"https:\/\/2horizontes.com\/?p=23215","title":{"rendered":"Hasta el momento Polic\u00eda no identifica como agente hombre de foto tomando cerveza con pistola"},"content":{"rendered":"<article class=\"contenidoArticulo\">\n<div class=\"cuerpoNoticia\">\n<p>RD- SANTO DOMINGO-El vocero de la Polic\u00eda Nacional, M\u00e1ximo B\u00e1ez Aybar, dijo este domingo que hasta el momento no ha sido identificado como miembro de la instituci\u00f3n un hombre se observa en una foto, que circula en las redes, tomando cerveza con una pistola en mano.<\/p>\n<p>\u201cHasta el momento, no ha sido identificado como miembro policial un hombre que ese ve en una foto en RS tomando cerveza con pistola en mano\u201d, sostuvo B\u00e1ez Aybar, a trav\u00e9s de su cuenta de Twitter.<\/p>\n<p>En Facebook\u00a0 fue difundida la foto de este supuesto agente de la uniformada en esa situaci\u00f3n, lo que ha generado comentarios negativos.<\/p>\n<p>\u201c Jejee y como confiamos, con \u00e9ste ejemplo?\u201d, dijo una de las que coment\u00f3 la foto.<\/p>\n<\/div>\n<\/article>\n<p>&nbsp;<\/p>\n","protected":false},"excerpt":{"rendered":"<p>RD- SANTO DOMINGO-El vocero de la Polic\u00eda Nacional, M\u00e1ximo B\u00e1ez Aybar, dijo este domingo que hasta el momento no ha sido identificado como miembro de la instituci\u00f3n un hombre se observa en una foto, que circula en las redes, tomando cerveza con una pistola en mano. \u201cHasta el momento, no ha sido identificado como miembro [&hellip;]<\/p>\n","protected":false},"author":8,"featured_media":23217,"comment_status":"open","ping_status":"open","sticky":false,"template":"","format":"standard","meta":{"footnotes":""},"categories":[44],"tags":[],"class_list":["post-23215","post","type-post","status-publish","format-standard","has-post-thumbnail","hentry","category-republica-dominicana"],"_links":{"self":[{"href":"https:\/\/2horizontes.com\/index.php?rest_route=\/wp\/v2\/posts\/23215","targetHints":{"allow":["GET"]}}],"collection":[{"href":"https:\/\/2horizontes.com\/index.php?rest_route=\/wp\/v2\/posts"}],"about":[{"href":"https:\/\/2horizontes.com\/index.php?rest_route=\/wp\/v2\/types\/post"}],"author":[{"embeddable":true,"href":"https:\/\/2horizontes.com\/index.php?rest_route=\/wp\/v2\/users\/8"}],"replies":[{"embeddable":true,"href":"https:\/\/2horizontes.com\/index.php?rest_route=%2Fwp%2Fv2%2Fcomments&post=23215"}],"version-history":[{"count":1,"href":"https:\/\/2horizontes.com\/index.php?rest_route=\/wp\/v2\/posts\/23215\/revisions"}],"predecessor-version":[{"id":23218,"href":"https:\/\/2horizontes.com\/index.php?rest_route=\/wp\/v2\/posts\/23215\/revisions\/23218"}],"wp:featuredmedia":[{"embeddable":true,"href":"https:\/\/2horizontes.com\/index.php?rest_route=\/wp\/v2\/media\/23217"}],"wp:attachment":[{"href":"https:\/\/2horizontes.com\/index.php?rest_route=%2Fwp%2Fv2%2Fmedia&parent=23215"}],"wp:term":[{"taxonomy":"category","embeddable":true,"href":"https:\/\/2horizontes.com\/index.php?rest_route=%2Fwp%2Fv2%2Fcategories&post=23215"},{"taxonomy":"post_tag","embeddable":true,"href":"https:\/\/2horizontes.com\/index.php?rest_route=%2Fwp%2Fv2%2Ftags&post=23215"}],"curies":[{"name":"wp","href":"https:\/\/api.w.org\/{rel}","templated":true}]}}