{"id":23181,"date":"2015-09-07T10:06:16","date_gmt":"2015-09-07T09:06:16","guid":{"rendered":"http:\/\/2horizontes.com\/?p=23181"},"modified":"2015-09-07T10:06:16","modified_gmt":"2015-09-07T09:06:16","slug":"muere-nina-de-12-anos-eleva-a-siete-los-muertos-en-la-coruna","status":"publish","type":"post","link":"https:\/\/2horizontes.com\/?p=23181","title":{"rendered":"Muere ni\u00f1a de 12 a\u00f1os eleva a siete los muertos en la Coru\u00f1a"},"content":{"rendered":"<h2>La Guardia Civil env\u00eda un equipo especializado desde Madrid para explicar por qu\u00e9 el coche arroll\u00f3 a los espectadores del rally<\/h2>\n<p>&nbsp;<\/p>\n<p>La muerte de una menor de 12 a\u00f1os por un traumatismo craneoencef\u00e1lico elev\u00f3 a siete el n\u00famero de v\u00edctimas mortales del accidente en un rally este s\u00e1bado en A Coru\u00f1a, donde uno de los pilotos perdi\u00f3 el control del veh\u00edculo y arroll\u00f3 a una veintena de espectadores. Dos personas siguen hospitalizadas muy graves, una de ellas una menor; <span class=\"goog-text-highlight\">y otros cinco presentan heridas de diferente consideraci\u00f3n, seg\u00fan fuentes m\u00e9dicas. <\/span>Otros 10, que presentaban heridas leves, han sido dadas de alta a lo largo de este domingo.Mientras, se han realizado las autopsias a otros seis muertos, que ser\u00e1n enterrados este lunes.<\/p>\n<p><span class=\"goog-text-highlight\">Hac\u00eda 14 a\u00f1os que no se celebraba este rally de la Coru\u00f1a. <\/span>\u00abLa gente se concentra en ese recta porque viene una curva espectacular donde hay derrapajes\u00bb, ha explicado esta ma\u00f1ana el miembro de uno de los equipos de la carrera disputada el s\u00e1bado. Sin que se sepan las causas, el coche perdi\u00f3 el control despu\u00e9s de un cambio de rasante y en una recta que preced\u00eda a la entrada de una curva de 90 grados. El veh\u00edculo, un Peugeot 206 XS, se desplaz\u00f3 hacia la cuneta de la derecha cuando en teor\u00eda deber\u00eda haberse desplazado hacia la izquierda. El coche dio una vuelta de campana y golpe\u00f3 a los espectadores.<\/p>\n<p><span class=\"goog-text-highlight\">La Guardia Civil enviar\u00e1 desde Madrid a un equipo especializado en accidentes para analizar las causas de la tragedia. <\/span>El piloto que conduc\u00eda el coche que se abalanz\u00f3 sobre los espectadores, Sergio Taveayo, est\u00e1 \u00abdestrozado\u00bb an\u00edmicamente, seg\u00fan ha explicado esta ma\u00f1ana el ganador de la prueba, Iv\u00e1n Ares. El pueblo de Carral est\u00e1 conmocionado por la tragedia.<\/p>\n<p>\u00abLa federaci\u00f3n gallega no depende de la espa\u00f1ola\u00bb, explica Luis Moya, ex piloto de rallies al ser requerido por el accidente. \u00abY, por tanto, no sigue los criterios de la FIA [federaci\u00f3n internacional de automovilismo] ni de la federaci\u00f3n espa\u00f1ola. No s\u00e9 c\u00f3mo ha actuado\u00bb. <span class=\"goog-text-highlight\">\u00abEl delegado de seguridad tiene potestad para anular tramos de carrera si entiende que pueda haber alg\u00fan peligro. Informar al director de carrera y se anula el tramo\u00bb, a\u00f1ade el excampe\u00f3n gallego.el presidente de la federaci\u00f3n gallega, Iv\u00e1n Corral, lo niega. <\/span>\u00abEl automovilismo se rige por los mismos criterios de seguridad. Es igual que el f\u00fatbol: el penalti es desde los 11 metros. Estamos de luto\u00bb, declar\u00f3 Corral.<\/p>\n","protected":false},"excerpt":{"rendered":"<p>La Guardia Civil env\u00eda un equipo especializado desde Madrid para explicar por qu\u00e9 el coche arroll\u00f3 a los espectadores del rally &nbsp; La muerte de una menor de 12 a\u00f1os por un traumatismo craneoencef\u00e1lico elev\u00f3 a siete el n\u00famero de v\u00edctimas mortales del accidente en un rally este s\u00e1bado en A Coru\u00f1a, donde uno de [&hellip;]<\/p>\n","protected":false},"author":4,"featured_media":23183,"comment_status":"open","ping_status":"open","sticky":false,"template":"","format":"standard","meta":{"footnotes":""},"categories":[42,85,84],"tags":[],"class_list":["post-23181","post","type-post","status-publish","format-standard","has-post-thumbnail","hentry","category-deportes","category-espana","category-otras-noticias"],"_links":{"self":[{"href":"https:\/\/2horizontes.com\/index.php?rest_route=\/wp\/v2\/posts\/23181","targetHints":{"allow":["GET"]}}],"collection":[{"href":"https:\/\/2horizontes.com\/index.php?rest_route=\/wp\/v2\/posts"}],"about":[{"href":"https:\/\/2horizontes.com\/index.php?rest_route=\/wp\/v2\/types\/post"}],"author":[{"embeddable":true,"href":"https:\/\/2horizontes.com\/index.php?rest_route=\/wp\/v2\/users\/4"}],"replies":[{"embeddable":true,"href":"https:\/\/2horizontes.com\/index.php?rest_route=%2Fwp%2Fv2%2Fcomments&post=23181"}],"version-history":[{"count":1,"href":"https:\/\/2horizontes.com\/index.php?rest_route=\/wp\/v2\/posts\/23181\/revisions"}],"predecessor-version":[{"id":23184,"href":"https:\/\/2horizontes.com\/index.php?rest_route=\/wp\/v2\/posts\/23181\/revisions\/23184"}],"wp:featuredmedia":[{"embeddable":true,"href":"https:\/\/2horizontes.com\/index.php?rest_route=\/wp\/v2\/media\/23183"}],"wp:attachment":[{"href":"https:\/\/2horizontes.com\/index.php?rest_route=%2Fwp%2Fv2%2Fmedia&parent=23181"}],"wp:term":[{"taxonomy":"category","embeddable":true,"href":"https:\/\/2horizontes.com\/index.php?rest_route=%2Fwp%2Fv2%2Fcategories&post=23181"},{"taxonomy":"post_tag","embeddable":true,"href":"https:\/\/2horizontes.com\/index.php?rest_route=%2Fwp%2Fv2%2Ftags&post=23181"}],"curies":[{"name":"wp","href":"https:\/\/api.w.org\/{rel}","templated":true}]}}