{"id":23168,"date":"2015-09-07T09:38:19","date_gmt":"2015-09-07T08:38:19","guid":{"rendered":"http:\/\/2horizontes.com\/?p=23168"},"modified":"2015-09-07T09:38:19","modified_gmt":"2015-09-07T08:38:19","slug":"papa-pide-a-venezuela-y-colombia-que-superen-con-solidaridad-las-dificultades","status":"publish","type":"post","link":"https:\/\/2horizontes.com\/?p=23168","title":{"rendered":"Papa pide a Venezuela y Colombia que superen con solidaridad las dificultades"},"content":{"rendered":"<div id=\"ArticleAuthorDiv\" class=\"article-body-author\"><b>EFE<\/b><\/div>\n<div id=\"ArticleSourceDiv\" class=\"article-body-author\"><b>Ciudad del Vaticano<\/b><\/div>\n<div id=\"ArticleBody\">\n<p>El papa Francisco se refiri\u00f3 hoy a la \u00abdolorosa situaci\u00f3n que se ha creado en la frontera\u00bb de Venezuela y Colombia, cerrada desde el pasado 19 de agosto, para asegurar a ambos pa\u00edses que \u00abcon esp\u00edritu de solidaridad y fraternidad, se pueden superar las actuales dificultades\u00bb.<\/p>\n<p>En estos t\u00e9rminos se expres\u00f3 el papa Francisco desde la ventana del palacio apost\u00f3lico del Vaticano durante su discurso despu\u00e9s del rezo del \u00c1ngelus dominical.<\/p>\n<p>\u00abEn estos d\u00edas, los obispos de Venezuela y Colombia se han reunido para examinar juntos la dolorosa situaci\u00f3n que se ha creado en la frontera entre ambos pa\u00edses\u00bb, dijo el papa, pronunciando la frase en espa\u00f1ol.<\/p>\n<p>\u00abVeo en este encuentro un claro signo de esperanza. Invito a todos, en particular a los amados pueblos venezolano y colombiano, a rezar para que, con un esp\u00edritu de solidaridad y fraternidad, se puedan superar las actuales dificultades\u00bb, agreg\u00f3.<\/p>\n<p>El pasado 19 de agosto, el presidente de Venezuela, Nicol\u00e1s Maduro, orden\u00f3 el cierre de la frontera con Colombia despu\u00e9s de que tres miembros de la fuerza armada venezolana y un civil resultaran heridos en un enfrentamiento con presuntos contrabandistas.<\/p>\n<p>Seg\u00fan la Oficina de la ONU para la Coordinaci\u00f3n de Asuntos Humanitarios (OCHA), desde entonces al menos 1.355 colombianos fueron deportados.<\/p>\n<p>Otros 15.000 colombianos han regresado por su propia cuenta al pa\u00eds procedentes de Venezuela ante el miedo de la deportaci\u00f3n, agreg\u00f3 el organismo en un balance divulgado recientemente.<\/p>\n<\/div>\n","protected":false},"excerpt":{"rendered":"<p>EFE Ciudad del Vaticano El papa Francisco se refiri\u00f3 hoy a la \u00abdolorosa situaci\u00f3n que se ha creado en la frontera\u00bb de Venezuela y Colombia, cerrada desde el pasado 19 de agosto, para asegurar a ambos pa\u00edses que \u00abcon esp\u00edritu de solidaridad y fraternidad, se pueden superar las actuales dificultades\u00bb. En estos t\u00e9rminos se expres\u00f3 [&hellip;]<\/p>\n","protected":false},"author":7,"featured_media":23169,"comment_status":"open","ping_status":"open","sticky":false,"template":"","format":"standard","meta":{"footnotes":""},"categories":[50,54,40,48],"tags":[],"class_list":["post-23168","post","type-post","status-publish","format-standard","has-post-thumbnail","hentry","category-colombia","category-emigrantes","category-internacionales","category-venezuela"],"_links":{"self":[{"href":"https:\/\/2horizontes.com\/index.php?rest_route=\/wp\/v2\/posts\/23168","targetHints":{"allow":["GET"]}}],"collection":[{"href":"https:\/\/2horizontes.com\/index.php?rest_route=\/wp\/v2\/posts"}],"about":[{"href":"https:\/\/2horizontes.com\/index.php?rest_route=\/wp\/v2\/types\/post"}],"author":[{"embeddable":true,"href":"https:\/\/2horizontes.com\/index.php?rest_route=\/wp\/v2\/users\/7"}],"replies":[{"embeddable":true,"href":"https:\/\/2horizontes.com\/index.php?rest_route=%2Fwp%2Fv2%2Fcomments&post=23168"}],"version-history":[{"count":1,"href":"https:\/\/2horizontes.com\/index.php?rest_route=\/wp\/v2\/posts\/23168\/revisions"}],"predecessor-version":[{"id":23170,"href":"https:\/\/2horizontes.com\/index.php?rest_route=\/wp\/v2\/posts\/23168\/revisions\/23170"}],"wp:featuredmedia":[{"embeddable":true,"href":"https:\/\/2horizontes.com\/index.php?rest_route=\/wp\/v2\/media\/23169"}],"wp:attachment":[{"href":"https:\/\/2horizontes.com\/index.php?rest_route=%2Fwp%2Fv2%2Fmedia&parent=23168"}],"wp:term":[{"taxonomy":"category","embeddable":true,"href":"https:\/\/2horizontes.com\/index.php?rest_route=%2Fwp%2Fv2%2Fcategories&post=23168"},{"taxonomy":"post_tag","embeddable":true,"href":"https:\/\/2horizontes.com\/index.php?rest_route=%2Fwp%2Fv2%2Ftags&post=23168"}],"curies":[{"name":"wp","href":"https:\/\/api.w.org\/{rel}","templated":true}]}}