{"id":2314,"date":"2014-09-26T06:21:48","date_gmt":"2014-09-26T06:21:48","guid":{"rendered":"http:\/\/2horizontes.com\/?p=2314"},"modified":"2014-09-26T06:23:10","modified_gmt":"2014-09-26T06:23:10","slug":"gobierno-define-este-viernes-presupuesto-2015-concluira-ii-linea-del-metro","status":"publish","type":"post","link":"https:\/\/2horizontes.com\/?p=2314","title":{"rendered":"Gobierno dominicano define este viernes Presupuesto 2015; concluir\u00e1 II L\u00ednea del Metro"},"content":{"rendered":"<p><a href=\"http:\/\/2horizontes.com\/wp-content\/uploads\/2014\/09\/palacio.jpeg\"><img loading=\"lazy\" decoding=\"async\" src=\"http:\/\/2horizontes.com\/wp-content\/uploads\/2014\/09\/palacio-300x187.jpeg\" alt=\"palacio\" width=\"300\" height=\"187\" class=\"alignleft size-medium wp-image-2315\" srcset=\"https:\/\/2horizontes.com\/wp-content\/uploads\/2014\/09\/palacio-300x187.jpeg 300w, https:\/\/2horizontes.com\/wp-content\/uploads\/2014\/09\/palacio-510x318.jpeg 510w, https:\/\/2horizontes.com\/wp-content\/uploads\/2014\/09\/palacio-624x390.jpeg 624w, https:\/\/2horizontes.com\/wp-content\/uploads\/2014\/09\/palacio.jpeg 680w\" sizes=\"auto, (max-width: 300px) 100vw, 300px\" \/><\/a> Santo Domingo.- El presidente Danilo Medina encabezar\u00e1 este viernes la reuni\u00f3n del Consejo de Ministros para conocer el proyecto de Presupuesto General de la Naci\u00f3n de 2015, el cual reflejar\u00e1 un incremento adicional para el sector educaci\u00f3n y para el pago de la deuda externa.<\/p>\n<p>La informaci\u00f3n la ofreci\u00f3 este jueves el ministro Administrativo de la Presidencia, Jos\u00e9 Ram\u00f3n Peralta, quien adelant\u00f3 que las instituciones se ver\u00e1n \u201cobligadas\u201d pr\u00e1cticamente, a operar con el mismo presupuesto de este a\u00f1o 2014.<\/p>\n<p>El funcionario explic\u00f3 que los recursos adicionales que se reflejar\u00e1n en el presupuesto del pr\u00f3ximo a\u00f1o est\u00e1n comprometidos, porque entre 10 a 11 mil millones van para educaci\u00f3n y unos  20 millones adicionales al pago de la deuda.<\/p>\n<p>\u201cCon educaci\u00f3n hay que cumplir con el 4% del PIB, y con el crecimiento de la econom\u00eda, eso implica que tendr\u00edamos que subirle entre 10 a 11 mil millones al presupuesto de educaci\u00f3n, porque el PIB ha crecido. Y para el servicio de la deuda; los intereses y amortizaci\u00f3n suben alrededor de 20 mil millones adicionales, esos ser\u00edan todos los recursos extra que tiene el Presupuesto\u201d, precis\u00f3 el funcionario al ser entrevistado en el Palacio Nacional.<\/p>\n<p>Recod\u00f3 que el presidente Medina ha querido que el d\u00e9ficit se mantenga en los niveles del 2,8 %, \u201clo que se pauta como d\u00e9ficit se est\u00e1 cumpliendo. Ustedes vieron cuanto baj\u00f3 del d\u00e9ficit del a\u00f1o 2012 al 2013, bajamos m\u00e1s de 3,7%, y estaremos en el 2014 en 2,8 o menos, y eso solo se logra con disciplina fiscal\u201d.   Al pregunt\u00e1rsele que si con estas proyecciones se queda fuera la pretensiones de un aumento salarial para el sector p\u00fablico,  el funcionario respondi\u00f3 se\u00f1alando que se ha hecho aumento a sectores como agr\u00f3nomo, profesores, personal de salud, as\u00ed como a polic\u00edas y generales. \u201cPero esperemos a ma\u00f1ana (este viernes) a ver qu\u00e9 se puede hacer\u201d.  <\/p>\n<p>Sobre los reclamos de sectores como el Poder Judicial que han estado reclamando m\u00e1s recursos, Peralta admiti\u00f3 que \u201ctodos necesitamos m\u00e1s recursos; Agricultura, Obras P\u00fablicas y Turismo quieren m\u00e1s recursos\u201d.<\/p>\n<p>Sin embargo, afirm\u00f3 que \u201caqu\u00ed hay un compromiso por encima de las necesidades individuales de mantener las finanzas p\u00fablicas sanas que garanticen, a largo plazo, un crecimiento sostenible como el que se est\u00e1 logrando\u201d.  <\/p>\n<p>Peralta dijo que los ministros han sido convocados para las 10:00 de la ma\u00f1ana para definir el Presupuesto del pr\u00f3ximo a\u00f1o, que seg\u00fan dijo, desde hace un mes Medina trabaja en la elaboraci\u00f3n de la pieza, que deber\u00e1 ser enviada al Congreso Nacional final este mes o a principio del pr\u00f3ximo mes de octubre.<\/p>\n<p>Asegura terminar\u00e1n 2da l\u00ednea del Metro<\/p>\n<p>Sobre la reuni\u00f3n de este jueves con el director de la Oficina para el Reordenamiento del Transporte (Opret), Diandino Pe\u00f1a, aunque la calific\u00f3 de rutinaria, Peralta asegur\u00f3 que ser\u00e1 terminada la ampliaci\u00f3n de la Segunda L\u00ednea del Metro de Santo Domingo.<\/p>\n<p>F. El Nuevo Diario.<\/p>\n","protected":false},"excerpt":{"rendered":"<p>Santo Domingo.- El presidente Danilo Medina encabezar\u00e1 este viernes la reuni\u00f3n del Consejo de Ministros para conocer el proyecto de Presupuesto General de la Naci\u00f3n de 2015, el cual reflejar\u00e1 un incremento adicional para el sector educaci\u00f3n y para el pago de la deuda externa. La informaci\u00f3n la ofreci\u00f3 este jueves el ministro Administrativo de [&hellip;]<\/p>\n","protected":false},"author":1,"featured_media":0,"comment_status":"open","ping_status":"open","sticky":false,"template":"","format":"standard","meta":{"footnotes":""},"categories":[1],"tags":[],"class_list":["post-2314","post","type-post","status-publish","format-standard","hentry","category-entretenimiento"],"_links":{"self":[{"href":"https:\/\/2horizontes.com\/index.php?rest_route=\/wp\/v2\/posts\/2314","targetHints":{"allow":["GET"]}}],"collection":[{"href":"https:\/\/2horizontes.com\/index.php?rest_route=\/wp\/v2\/posts"}],"about":[{"href":"https:\/\/2horizontes.com\/index.php?rest_route=\/wp\/v2\/types\/post"}],"author":[{"embeddable":true,"href":"https:\/\/2horizontes.com\/index.php?rest_route=\/wp\/v2\/users\/1"}],"replies":[{"embeddable":true,"href":"https:\/\/2horizontes.com\/index.php?rest_route=%2Fwp%2Fv2%2Fcomments&post=2314"}],"version-history":[{"count":2,"href":"https:\/\/2horizontes.com\/index.php?rest_route=\/wp\/v2\/posts\/2314\/revisions"}],"predecessor-version":[{"id":2317,"href":"https:\/\/2horizontes.com\/index.php?rest_route=\/wp\/v2\/posts\/2314\/revisions\/2317"}],"wp:attachment":[{"href":"https:\/\/2horizontes.com\/index.php?rest_route=%2Fwp%2Fv2%2Fmedia&parent=2314"}],"wp:term":[{"taxonomy":"category","embeddable":true,"href":"https:\/\/2horizontes.com\/index.php?rest_route=%2Fwp%2Fv2%2Fcategories&post=2314"},{"taxonomy":"post_tag","embeddable":true,"href":"https:\/\/2horizontes.com\/index.php?rest_route=%2Fwp%2Fv2%2Ftags&post=2314"}],"curies":[{"name":"wp","href":"https:\/\/api.w.org\/{rel}","templated":true}]}}