{"id":23130,"date":"2015-09-06T15:30:23","date_gmt":"2015-09-06T14:30:23","guid":{"rendered":"http:\/\/2horizontes.com\/?p=23130"},"modified":"2015-09-06T15:30:23","modified_gmt":"2015-09-06T14:30:23","slug":"es-imposible-cerrar-nuestros-ojos-al-drama-el-futbol-se-solidariza-con-los-inmigrantes","status":"publish","type":"post","link":"https:\/\/2horizontes.com\/?p=23130","title":{"rendered":"\u00abEs imposible cerrar nuestros ojos al drama\u00bb: el f\u00fatbol se solidariza con los inmigrantes"},"content":{"rendered":"<p class=\"story-body__introduction\">El Bayern Munich y el Real Madrid donar\u00e1n un mill\u00f3n de euros cada uno para apoyar a los miles de inmigrantes que huyen de la guerra en Oriente Medio. El Borussia Dortmund decide invitar a 220 de ellos a su estadio como se\u00f1al de bienvenida y el Porto propone a todos los equipos donar dinero de las recaudaciones de los partidos de Champions League para ayudar a los refugiados.<\/p>\n<p>Las dos s\u00faper estrellas del f\u00fatbol en vigencia, Lionel Messi y Cristiano Ronaldo, tampoco son indiferentes a la ola de solidaridad que se contagia d\u00eda tras d\u00eda en Europa.<\/p>\n<p><strong>\u00abNadie de la selecci\u00f3n nacional (de Portugal) es indiferente a la crisis de los refugiados en Europa. Todos nuestros pensamientos est\u00e1n con ellos\u00bb<\/strong>, public\u00f3 el atacante luso junto a una foto en la que su selecci\u00f3n realiza un minuto de silencio por las personas que fallecieron al tratar de huir de la guerra.<\/p>\n<p>Messi, desde su fundaci\u00f3n, lanz\u00f3 un pedido a la comunidad internacional \u00abpara encontrar una pronta soluci\u00f3n a esta tragedia\u00bb.<\/p>\n<figure class=\"media-landscape has-caption full-width\"><span class=\"image-and-copyright-container\"><img loading=\"lazy\" decoding=\"async\" class=\"js-image-replace\" src=\"http:\/\/ichef.bbci.co.uk\/news\/ws\/624\/amz\/worldservice\/live\/assets\/images\/2015\/09\/06\/150906014716_twitter_borussia_dortmund_549x549_twitter_nocredit.jpg\" alt=\"Tweet del Borussia Dortmund\" width=\"549\" height=\"549\" \/><span class=\"off-screen\">Image copyright<\/span><span class=\"story-image-copyright\">Twitter<\/span><\/span><figcaption class=\"media-caption\"><span class=\"off-screen\">Image caption<\/span><span class=\"media-caption__text\">\u00ab220 refugiados del proyecto &#8216;Llegamos a Dortmund&#8217;, organizado por Borussia Dortmund. #BienvenidosRefugiados\u00bb.<\/span><\/figcaption><\/figure>\n<p>Mira la galer\u00eda: \u00abBienvenidos a Alemania\u00bb: la emocionante recepci\u00f3n a miles de inmigrantes tras un largo \u00e9xodo a trav\u00e9s de Europa<\/p>\n<p><strong>As\u00ed, el f\u00fatbol, tantas veces manchado por los mensajes racistas que bajan desde algunas de sus grader\u00edas, muestra su rostro m\u00e1s solidario al brindar un poco de su inmenso poder econ\u00f3mico y medi\u00e1tico sum\u00e1ndose a la bienvenida europea a los inmigrantes de Oriente Medio.<\/strong><\/p>\n<h2 class=\"story-body__crosshead\">\u00abAcompa\u00f1arles en Alemania\u00bb<\/h2>\n<p>El exdelantero y actual director general del Bayern Munich, Karl-Heinz Rummenigge, anunci\u00f3 que su club dispondr\u00e1 de un campamento en el que los muchachos de las divisiones inferiores brindar\u00e1n clases de alem\u00e1n y comida a los inmigrantes.<\/p>\n<p>En el siguiente partido del equipo alem\u00e1n, Manuel Neuer, Mario G\u00f6tze, Thomas M\u00fcller y compa\u00f1\u00eda saltar\u00e1n al terreno de juego de la mano de ni\u00f1os que llegaron expulsados por las guerras en Siria e Irak.<\/p>\n<p>\u00abEl FC Bayern ve dentro de su responsabilidad social para ayudar a aquellos hombres, mujeres y ni\u00f1os que est\u00e1n huyendo y sufriendo para apoyarles y acompa\u00f1arles en Alemania\u00bb, dijo Rummenigge.<\/p>\n<p><strong>Mientras que la selecci\u00f3n campeona del mundo prepar\u00f3 un video en el que aparecen J\u00e9r\u00f4me Boateng, Ilkay \u0081G\u00fcndogan, Mesut \u00d6zil y Toni Kroos junto a su capit\u00e1n Bastian Schweinsteiger con el mensaje \u00abcontra la violencia y la xenofobia\u00bb.<\/strong><\/p>\n<figure class=\"media-landscape has-caption full-width\"><span class=\"image-and-copyright-container\"><img loading=\"lazy\" decoding=\"async\" class=\"js-image-replace\" src=\"http:\/\/ichef.bbci.co.uk\/news\/ws\/624\/amz\/worldservice\/live\/assets\/images\/2015\/09\/06\/150906020332_italia_minuto_de_silencio_624x351_afp_nocredit.jpg\" alt=\"Minuto de silencio de Italia\" width=\"624\" height=\"351\" \/><span class=\"off-screen\">Image copyright<\/span><span class=\"story-image-copyright\">AFP<\/span><\/span><figcaption class=\"media-caption\"><span class=\"off-screen\">Image caption<\/span><span class=\"media-caption__text\">Las federaciones europeas de f\u00fatbol llevan adelante campa\u00f1as contra el racismo y la discriminaci\u00f3n para evitar muestras xen\u00f3fobas en los estadios.<\/span><\/figcaption><\/figure>\n<p><strong>\u00abComo uno de los pa\u00edses m\u00e1s ricos del mundo estamos en la posici\u00f3n de ayudar\u00bb<\/strong>, asegur\u00f3 Kroos, mediocampista del Real Madrid.<\/p>\n<p>Lee tambi\u00e9n: Las otras 10 fotos m\u00e1s impactantes de la crisis migratoria en Europa<\/p>\n<p>La migraci\u00f3n es un factor presente en el combinado germano, resalt\u00f3 el diario argentino Clar\u00edn. Entre los seleccionados figuran futbolistas nacidos fuera de las fronteras alemanas como Lukas Podolski (Polonia), o cuyas familias llegaron desde distintos puntos del planeta, como \u00d6zil, G\u00fcndogan y Emre Can (Turqu\u00eda); Boateng (Ghana) y Shkodran Mustafi (Albania).<\/p>\n<p><strong>Alemania espera la llegada r\u00e9cord de 800.000 solicitudes de asilo este a\u00f1o, m\u00e1s que cualquier otro pa\u00eds de la Uni\u00f3n Europea y el cu\u00e1druple que en 2014.<\/strong>La mayor\u00eda proviene de Siria, seguido por Eritrea y Afganist\u00e1n.<\/p>\n<h2 class=\"story-body__crosshead\">\u00abEs imposible cerrar nuestros ojos al drama\u00bb<\/h2>\n<p>El Porto donar\u00e1 un euro de cada entrada del partido que dispute frente al Chelsea el 30 de septiembre por Champions League.<\/p>\n<div class=\"idt__mundo ns_datapic_quote ns_datapic_quote--florentino-perez newsspec_infographic_template\">\n<div class=\"ns_outer_wrapper ns_outer_wrapper__align-bottom\">\n<div class=\"ns_inner_wrapper\">\n<div class=\"ns_quote_mark\"><\/div>\n<p class=\"ns_quote ns_ \">El club ha tomado esta decisi\u00f3n con el objetivo de apoyar a los hombres, mujeres y ni\u00f1os que se han visto obligados a abandonar sus hogares para huir de la guerra y de la muerte\u00bb<\/p>\n<div class=\"ns_author \">Florentino P\u00e9rez, presidente del Real Madrid<\/div>\n<\/div>\n<\/div>\n<\/div>\n<p>No s\u00f3lo eso, en una carta dirigida a UEFA, el club sugiere al resto de los equipos en competencia seguir su ejemplo \u00abpor larga tradici\u00f3n de solidaridad y responsabilidad social que caracteriza a la familia del f\u00fatbol\u00bb.<\/p>\n<p>\u201cEs imposible cerrar nuestros ojos al drama de los emigrantes y refugiados que est\u00e1n intentando entrar en Europa\u201c, argumenta la misiva.<\/p>\n<p>El presidente del Porto, Jorge Nuno Pinto da Costa, a\u00f1adi\u00f3 en la carta que <strong>\u00abla situaci\u00f3n con los migrantes tambi\u00e9n requiere un fuerte movimiento de la sociedad y, por supuesto, el f\u00fatbol no puede quedarse al margen\u00bb.<\/strong><\/p>\n<figure class=\"media-landscape has-caption body-narrow-width\"><span class=\"image-and-copyright-container\"><img loading=\"lazy\" decoding=\"async\" class=\"js-image-replace\" src=\"http:\/\/ichef-1.bbci.co.uk\/news\/ws\/304\/amz\/worldservice\/live\/assets\/images\/2015\/09\/06\/150906015341_welcome_futbol_club_304x171_epa_nocredit.jpg\" alt=\"Equipo de refugiados en Alemania\" width=\"304\" height=\"171\" \/><span class=\"off-screen\">Image copyright<\/span><span class=\"story-image-copyright\">EPA<\/span><\/span><figcaption class=\"media-caption\"><span class=\"off-screen\">Image caption<\/span><span class=\"media-caption__text\">En la doceava divisi\u00f3n del f\u00fatbol alem\u00e1n juega el Welcome United, un equipo compuesto \u00edntegramente por refugiados.<\/span><\/figcaption><\/figure>\n<p>Mientras tanto en Espa\u00f1a, el presidente del Real Madrid, Florentino P\u00e9rez, indic\u00f3 que la donaci\u00f3n del mill\u00f3n de euros es la primera de las iniciativas que llevar\u00e1 adelante su club para ayudar a los inmigrantes de Oriente Medio.<\/p>\n<p>El dirigente a\u00f1adi\u00f3 que convers\u00f3 con el mandatario espa\u00f1ol, Mariano Rajoy, otras iniciativas con especial atenci\u00f3n a los refugiados m\u00e1s j\u00f3venes.<\/p>\n<p>El club merengue pondr\u00e1 a disposici\u00f3n del gobierno algunas de las infraestructuras del club y material deportivo.<\/p>\n<p><strong>\u00abFiel a su compromiso con la solidaridad, el club ha tomado esta decisi\u00f3n con el objetivo de apoyar a los hombres, mujeres y ni\u00f1os que se han visto obligados a abandonar sus hogares para huir de la guerra y de la muerte\u00bb<\/strong>, se lee en el comunicado de prensa emitido por el Real Madrid.<\/p>\n<p>Adem\u00e1s, Sergio Ramos, uno de los emblemas del equipo, promueve una campa\u00f1a de recolecci\u00f3n de fondos para los refugiados en su condici\u00f3n de embajador de buena voluntad de Unicef.<\/p>\n<p>\u00abEst\u00e1n asustados y exhaustos. \u00a1Los ni\u00f1os refugiados de Siria nos necesitan!\u00bb, escribi\u00f3.<\/p>\n<p>Decenas de miles de inmigrantes dejan atr\u00e1s los horrores de la guerra atravesando las fronteras europeas. En medio de una crisis migratoria que no tiene comparaci\u00f3n en las \u00faltimas d\u00e9cadas, el f\u00fatbol abri\u00f3 una puerta.<\/p>\n","protected":false},"excerpt":{"rendered":"<p>El Bayern Munich y el Real Madrid donar\u00e1n un mill\u00f3n de euros cada uno para apoyar a los miles de inmigrantes que huyen de la guerra en Oriente Medio. El Borussia Dortmund decide invitar a 220 de ellos a su estadio como se\u00f1al de bienvenida y el Porto propone a todos los equipos donar dinero [&hellip;]<\/p>\n","protected":false},"author":4,"featured_media":23131,"comment_status":"open","ping_status":"open","sticky":false,"template":"","format":"standard","meta":{"footnotes":""},"categories":[42,54,86],"tags":[],"class_list":["post-23130","post","type-post","status-publish","format-standard","has-post-thumbnail","hentry","category-deportes","category-emigrantes","category-europa"],"_links":{"self":[{"href":"https:\/\/2horizontes.com\/index.php?rest_route=\/wp\/v2\/posts\/23130","targetHints":{"allow":["GET"]}}],"collection":[{"href":"https:\/\/2horizontes.com\/index.php?rest_route=\/wp\/v2\/posts"}],"about":[{"href":"https:\/\/2horizontes.com\/index.php?rest_route=\/wp\/v2\/types\/post"}],"author":[{"embeddable":true,"href":"https:\/\/2horizontes.com\/index.php?rest_route=\/wp\/v2\/users\/4"}],"replies":[{"embeddable":true,"href":"https:\/\/2horizontes.com\/index.php?rest_route=%2Fwp%2Fv2%2Fcomments&post=23130"}],"version-history":[{"count":1,"href":"https:\/\/2horizontes.com\/index.php?rest_route=\/wp\/v2\/posts\/23130\/revisions"}],"predecessor-version":[{"id":23132,"href":"https:\/\/2horizontes.com\/index.php?rest_route=\/wp\/v2\/posts\/23130\/revisions\/23132"}],"wp:featuredmedia":[{"embeddable":true,"href":"https:\/\/2horizontes.com\/index.php?rest_route=\/wp\/v2\/media\/23131"}],"wp:attachment":[{"href":"https:\/\/2horizontes.com\/index.php?rest_route=%2Fwp%2Fv2%2Fmedia&parent=23130"}],"wp:term":[{"taxonomy":"category","embeddable":true,"href":"https:\/\/2horizontes.com\/index.php?rest_route=%2Fwp%2Fv2%2Fcategories&post=23130"},{"taxonomy":"post_tag","embeddable":true,"href":"https:\/\/2horizontes.com\/index.php?rest_route=%2Fwp%2Fv2%2Ftags&post=23130"}],"curies":[{"name":"wp","href":"https:\/\/api.w.org\/{rel}","templated":true}]}}