{"id":2311,"date":"2014-09-26T06:14:31","date_gmt":"2014-09-26T06:14:31","guid":{"rendered":"http:\/\/2horizontes.com\/?p=2311"},"modified":"2014-09-26T06:14:50","modified_gmt":"2014-09-26T06:14:50","slug":"proponen-alianza-del-prd-y-el-prm-para-la-alcaldia","status":"publish","type":"post","link":"https:\/\/2horizontes.com\/?p=2311","title":{"rendered":"Proponen alianza del PRD y el PRM para la alcald\u00eda"},"content":{"rendered":"<p><a href=\"http:\/\/2horizontes.com\/wp-content\/uploads\/2014\/09\/collado-y-pacheco.jpeg\"><img loading=\"lazy\" decoding=\"async\" src=\"http:\/\/2horizontes.com\/wp-content\/uploads\/2014\/09\/collado-y-pacheco.jpeg\" alt=\"collado y pacheco\" width=\"294\" height=\"196\" class=\"alignleft size-full wp-image-2312\" \/><\/a> Santo Domingo.- Han partido con un acuerdo que unifica sus fuerzas para ganar la alcald\u00eda del Distrito Nacional. Y ahora David Collado y Alfredo Pacheco lanzan la propuesta de una alianza a nivel congresional y municipal entre el Partido Revolucionario Dominicano (PRD) y el Revolucionario Moderno (PRM) a nivel nacional.<\/p>\n<p>Manejan una idea simple para impulsar tal prop\u00f3sito: de presentar candidaturas por separado perder\u00edan cerca de la mitad de la representaci\u00f3n en el Congreso Nacional.<\/p>\n<p>Y sobre eso accionan en lo inmediato. \u201cPara nadie es un misterio que si no unificamos acuerdos locales nuestra matr\u00edcula y representaci\u00f3n en el Congreso disminuir\u00e1, de 70 y pico (de diputados) que tenemos quedar\u00eda en 30 y algo\u201d, advierte Collado, legislador que por esas funciones conoce de la voluntad de sus colegas.<\/p>\n<p>Y Pacheco agrega: \u201cLa gente quiere lograr niveles de unidad, para ellos no hay segunda vuelta\u201d.<\/p>\n<p>Collado insiste en que estas elecciones venideras ser\u00e1n muy diferentes. \u201cVan unidas las boletas presidenciales y congresional y municipal. Para estas dos \u00faltimas no hay segunda vuelta, \u00a1no hay ma\u00f1ana!\u201d, advirti\u00f3.<\/p>\n<p>Dichas estas frases comienzan nuevas preguntas, aunque es de entender la primac\u00eda de una en particular: \u00bfc\u00f3mo determinar qui\u00e9nes ser\u00edan los candidatos? Alfredo Pacheco, presidente reelecto del PRD en el Distrito Nacional, cree necesario visualizar de antemano los candidatos que tienen mayor potencial en las comunidades para que, en base a ello, se proceda a los acuerdos y a lograr una opci\u00f3n clara y valedera de triunfo en las pr\u00f3ximas elecciones generales.<\/p>\n<p>La visi\u00f3n que tienen es que ese eventual acuerdo entre el PRD y el PRM sea un primer paso de cara a una segunda vuelta electoral en la boleta presidencial.<\/p>\n<p>As\u00ed comienzan a proyectar el escenario a poco menos de 20 meses de las elecciones, donde ambos aspiran a la alcald\u00eda del Distrito Nacional por el Partido Revolucionario Dominicano (PRD), conscientes de que para enfrentar al oficialista PLD necesitan unificar todas las fuerzas posibles.<\/p>\n<p>Esta propuesta se suma a los intentos y propuestas de los diputados Ram\u00f3n Bueno, del PRM, y de Ruddy Gonz\u00e1lez, vocero del PRD en la C\u00e1mara de Diputados. <\/p>\n<p>(+)<br \/>\n\u201cUNA ALIANZA M\u00c1S QUE NECESARIA\u201d.<br \/>\nPacheco y Collado visitaron ayer este diario para participar del Desayuno del LIST\u00cdN, en el que hablaron de los problemas de la ciudad de cara a una eventual nueva administraci\u00f3n del cabildo capitalino y a la realidad interna del PRM y PRD.<\/p>\n<p>En caso de que no se logre una alianza a nivel presidencial, continuaron analizando los pol\u00edticos, el acuerdo les permitir\u00eda, y con ellos al pa\u00eds, aseguran, tener un equilibrio entre todas las fuerzas pol\u00edticas en los ayuntamientos, en el Congreso y el Parlacen.<\/p>\n<p>\u201cDe lo contrario estar\u00edamos contribuyendo a que la pol\u00edtica dominicana contin\u00fae con ese \u00fanico eje que es el PLD, con mayor\u00eda absoluta. Nosotros necesitamos equilibrio en Rep\u00fablica Dominicana\u201d. <\/p>\n<p>(+)<br \/>\nPROPUESTAS DE ALIANZAS<br \/>\nENTRE EL PRD Y EL PRM: Esta propuesta ya ha sido presentada por el diputado Ram\u00f3n Bueno, que pas\u00f3 al PRM. Su idea es que incluso se plantee un acuerdo que involucre la candidatura presidencial, en donde el que quede como segundo en las votaciones apoye al partido opositor que haya llegado en primer lugar.<\/p>\n<p>Pero tambi\u00e9n Ruddy Gonz\u00e1lez est\u00e1 coordinando la firma de una carta de unidad entre todos los diputados para garantizar la alianza al menos a nivel congresional.<\/p>\n<p>F. List\u00edn Diario.<\/p>\n","protected":false},"excerpt":{"rendered":"<p>Santo Domingo.- Han partido con un acuerdo que unifica sus fuerzas para ganar la alcald\u00eda del Distrito Nacional. Y ahora David Collado y Alfredo Pacheco lanzan la propuesta de una alianza a nivel congresional y municipal entre el Partido Revolucionario Dominicano (PRD) y el Revolucionario Moderno (PRM) a nivel nacional. Manejan una idea simple para [&hellip;]<\/p>\n","protected":false},"author":1,"featured_media":0,"comment_status":"open","ping_status":"open","sticky":false,"template":"","format":"standard","meta":{"footnotes":""},"categories":[1],"tags":[],"class_list":["post-2311","post","type-post","status-publish","format-standard","hentry","category-entretenimiento"],"_links":{"self":[{"href":"https:\/\/2horizontes.com\/index.php?rest_route=\/wp\/v2\/posts\/2311","targetHints":{"allow":["GET"]}}],"collection":[{"href":"https:\/\/2horizontes.com\/index.php?rest_route=\/wp\/v2\/posts"}],"about":[{"href":"https:\/\/2horizontes.com\/index.php?rest_route=\/wp\/v2\/types\/post"}],"author":[{"embeddable":true,"href":"https:\/\/2horizontes.com\/index.php?rest_route=\/wp\/v2\/users\/1"}],"replies":[{"embeddable":true,"href":"https:\/\/2horizontes.com\/index.php?rest_route=%2Fwp%2Fv2%2Fcomments&post=2311"}],"version-history":[{"count":1,"href":"https:\/\/2horizontes.com\/index.php?rest_route=\/wp\/v2\/posts\/2311\/revisions"}],"predecessor-version":[{"id":2313,"href":"https:\/\/2horizontes.com\/index.php?rest_route=\/wp\/v2\/posts\/2311\/revisions\/2313"}],"wp:attachment":[{"href":"https:\/\/2horizontes.com\/index.php?rest_route=%2Fwp%2Fv2%2Fmedia&parent=2311"}],"wp:term":[{"taxonomy":"category","embeddable":true,"href":"https:\/\/2horizontes.com\/index.php?rest_route=%2Fwp%2Fv2%2Fcategories&post=2311"},{"taxonomy":"post_tag","embeddable":true,"href":"https:\/\/2horizontes.com\/index.php?rest_route=%2Fwp%2Fv2%2Ftags&post=2311"}],"curies":[{"name":"wp","href":"https:\/\/api.w.org\/{rel}","templated":true}]}}