{"id":23007,"date":"2015-09-04T14:57:33","date_gmt":"2015-09-04T13:57:33","guid":{"rendered":"http:\/\/2horizontes.com\/?p=23007"},"modified":"2015-09-04T14:57:33","modified_gmt":"2015-09-04T13:57:33","slug":"buscan-convertir-provincia-espaillat-en-destino-turistico","status":"publish","type":"post","link":"https:\/\/2horizontes.com\/?p=23007","title":{"rendered":"Buscan convertir provincia Espaillat en destino tur\u00edstico"},"content":{"rendered":"<p>MOCA- El \u00a0vicepresidente del Proyecto de Fortalecimiento del Cl\u00faster Ecotur\u00edstico de Espaillat (PROESPAILLAT), Jairo Morillo, manifest\u00f3 que se proyecta colocar la provincia Espaillat como un importante polo tur\u00edstico de la Rep\u00fablica Dominicana.<\/p>\n<div>Al participar en un entrevista en\u00a0el programa de televisi\u00f3n Coctel Pol\u00edtico, por Moca Visi\u00f3n produce el licenciado Nicol\u00e1s Arroyo Ramos, dijo que con este proyecto cambiar\u00e1 la situaci\u00f3n social y econ\u00f3mica de toda la provincia y mejorar\u00e1 la calidad de vida de los moradores en cada municipio, distrito y comunidad.Agrego que el proyecto para el desarrollo tur\u00edstico de Espaillat se ha estructurado en base a los componentes de Fortalecimiento Institucional; Dise\u00f1o de la Estrategia Desarrollo del Destino Tur\u00edstico de Espaillat y LINEA BASE, Formaci\u00f3n y Capacitaci\u00f3n y el Desarrollo de Productos Tur\u00edsticos en la Provincia.<\/p>\n<p>Expuso que el proyecto del Cl\u00faster Tur\u00edstico de la Provincia Espaillat involucra a los principales actores sociales y del desarrollo de esta provincia, al igual que la mayor\u00eda de instituciones.<\/p>\n<\/div>\n","protected":false},"excerpt":{"rendered":"<p>MOCA- El \u00a0vicepresidente del Proyecto de Fortalecimiento del Cl\u00faster Ecotur\u00edstico de Espaillat (PROESPAILLAT), Jairo Morillo, manifest\u00f3 que se proyecta colocar la provincia Espaillat como un importante polo tur\u00edstico de la Rep\u00fablica Dominicana. Al participar en un entrevista en\u00a0el programa de televisi\u00f3n Coctel Pol\u00edtico, por Moca Visi\u00f3n produce el licenciado Nicol\u00e1s Arroyo Ramos, dijo que con [&hellip;]<\/p>\n","protected":false},"author":8,"featured_media":23008,"comment_status":"open","ping_status":"open","sticky":false,"template":"","format":"standard","meta":{"footnotes":""},"categories":[53,44],"tags":[],"class_list":["post-23007","post","type-post","status-publish","format-standard","has-post-thumbnail","hentry","category-provincias","category-republica-dominicana"],"_links":{"self":[{"href":"https:\/\/2horizontes.com\/index.php?rest_route=\/wp\/v2\/posts\/23007","targetHints":{"allow":["GET"]}}],"collection":[{"href":"https:\/\/2horizontes.com\/index.php?rest_route=\/wp\/v2\/posts"}],"about":[{"href":"https:\/\/2horizontes.com\/index.php?rest_route=\/wp\/v2\/types\/post"}],"author":[{"embeddable":true,"href":"https:\/\/2horizontes.com\/index.php?rest_route=\/wp\/v2\/users\/8"}],"replies":[{"embeddable":true,"href":"https:\/\/2horizontes.com\/index.php?rest_route=%2Fwp%2Fv2%2Fcomments&post=23007"}],"version-history":[{"count":1,"href":"https:\/\/2horizontes.com\/index.php?rest_route=\/wp\/v2\/posts\/23007\/revisions"}],"predecessor-version":[{"id":23009,"href":"https:\/\/2horizontes.com\/index.php?rest_route=\/wp\/v2\/posts\/23007\/revisions\/23009"}],"wp:featuredmedia":[{"embeddable":true,"href":"https:\/\/2horizontes.com\/index.php?rest_route=\/wp\/v2\/media\/23008"}],"wp:attachment":[{"href":"https:\/\/2horizontes.com\/index.php?rest_route=%2Fwp%2Fv2%2Fmedia&parent=23007"}],"wp:term":[{"taxonomy":"category","embeddable":true,"href":"https:\/\/2horizontes.com\/index.php?rest_route=%2Fwp%2Fv2%2Fcategories&post=23007"},{"taxonomy":"post_tag","embeddable":true,"href":"https:\/\/2horizontes.com\/index.php?rest_route=%2Fwp%2Fv2%2Ftags&post=23007"}],"curies":[{"name":"wp","href":"https:\/\/api.w.org\/{rel}","templated":true}]}}