{"id":22997,"date":"2015-09-04T14:21:33","date_gmt":"2015-09-04T13:21:33","guid":{"rendered":"http:\/\/2horizontes.com\/?p=22997"},"modified":"2015-09-04T14:22:28","modified_gmt":"2015-09-04T13:22:28","slug":"jordi-cruz-comparte-su-numero-de-telefono-por-error-en-twi","status":"publish","type":"post","link":"https:\/\/2horizontes.com\/?p=22997","title":{"rendered":"Jordi Cruz comparte su n\u00famero de tel\u00e9fono por error en Twitter"},"content":{"rendered":"<p>\u00bfRecuerdan aquella vez que Paula V\u00e1zquez public\u00f3 en Twitter sus datos personales? Pues ha vuelto a suceder, solo que no ha sido ella, sino Jordi Cruz, el &#8216;avispado&#8217; que ha dado un adto tan personal como su n\u00famero de tel\u00e9fono m\u00f3vil al universo intern\u00e1utico.<\/p>\n<p>Ayer, trataba de hacerle llegar su contacto a Frank Blanco para que le llamara cuando quisiera. Y s\u00ed, le nombr\u00f3 a \u00e9l en el tuit. Un tuit que en pocos minutos estaba compartido a lo largo y ancho de la red social.<\/p>\n<p>Hay que dejar claro que Blanco le ped\u00eda el n\u00famero poco antes, pero que especificaba que se lo mandara por mensaje privado: \u00abHola Jordi! Este finde voy a Barna y quiero pasar a verte por Abac, pero he perdido tu telf. Me lo pasas por MD, si us plau?\u00bb, escrib\u00eda.<\/p>\n","protected":false},"excerpt":{"rendered":"<p>\u00bfRecuerdan aquella vez que Paula V\u00e1zquez public\u00f3 en Twitter sus datos personales? Pues ha vuelto a suceder, solo que no ha sido ella, sino Jordi Cruz, el &#8216;avispado&#8217; que ha dado un adto tan personal como su n\u00famero de tel\u00e9fono m\u00f3vil al universo intern\u00e1utico. Ayer, trataba de hacerle llegar su contacto a Frank Blanco para [&hellip;]<\/p>\n","protected":false},"author":3,"featured_media":22998,"comment_status":"open","ping_status":"open","sticky":false,"template":"","format":"standard","meta":{"footnotes":""},"categories":[1],"tags":[],"class_list":["post-22997","post","type-post","status-publish","format-standard","has-post-thumbnail","hentry","category-entretenimiento"],"_links":{"self":[{"href":"https:\/\/2horizontes.com\/index.php?rest_route=\/wp\/v2\/posts\/22997","targetHints":{"allow":["GET"]}}],"collection":[{"href":"https:\/\/2horizontes.com\/index.php?rest_route=\/wp\/v2\/posts"}],"about":[{"href":"https:\/\/2horizontes.com\/index.php?rest_route=\/wp\/v2\/types\/post"}],"author":[{"embeddable":true,"href":"https:\/\/2horizontes.com\/index.php?rest_route=\/wp\/v2\/users\/3"}],"replies":[{"embeddable":true,"href":"https:\/\/2horizontes.com\/index.php?rest_route=%2Fwp%2Fv2%2Fcomments&post=22997"}],"version-history":[{"count":2,"href":"https:\/\/2horizontes.com\/index.php?rest_route=\/wp\/v2\/posts\/22997\/revisions"}],"predecessor-version":[{"id":23000,"href":"https:\/\/2horizontes.com\/index.php?rest_route=\/wp\/v2\/posts\/22997\/revisions\/23000"}],"wp:featuredmedia":[{"embeddable":true,"href":"https:\/\/2horizontes.com\/index.php?rest_route=\/wp\/v2\/media\/22998"}],"wp:attachment":[{"href":"https:\/\/2horizontes.com\/index.php?rest_route=%2Fwp%2Fv2%2Fmedia&parent=22997"}],"wp:term":[{"taxonomy":"category","embeddable":true,"href":"https:\/\/2horizontes.com\/index.php?rest_route=%2Fwp%2Fv2%2Fcategories&post=22997"},{"taxonomy":"post_tag","embeddable":true,"href":"https:\/\/2horizontes.com\/index.php?rest_route=%2Fwp%2Fv2%2Ftags&post=22997"}],"curies":[{"name":"wp","href":"https:\/\/api.w.org\/{rel}","templated":true}]}}