{"id":22954,"date":"2015-09-04T08:58:48","date_gmt":"2015-09-04T07:58:48","guid":{"rendered":"http:\/\/2horizontes.com\/?p=22954"},"modified":"2015-09-04T08:58:48","modified_gmt":"2015-09-04T07:58:48","slug":"apple-google-intel-y-adobe-pagaran-415-millones-de-dolares-por-una-demanda","status":"publish","type":"post","link":"https:\/\/2horizontes.com\/?p=22954","title":{"rendered":"Apple, Google, Intel y Adobe pagar\u00e1n 415 millones de d\u00f3lares por una demanda"},"content":{"rendered":"<div id=\"ArticleAuthorDiv\" class=\"article-body-author\"><b>EFE<\/b><\/div>\n<div id=\"ArticleSourceDiv\" class=\"article-body-author\"><b>San Francisco (EE.UU.)<\/b><\/div>\n<div id=\"ArticleBody\">\n<p>Apple, Google, Intel y Adobe han acordado pagar 415 millones de d\u00f3lares en EE.UU. para resolver una demanda colectiva que acusaba a las firmas tecnol\u00f3gicas de conspirar para no contratar a los empleados de las otras compa\u00f1\u00edas.<\/p>\n<p>Durante la demanda, que arranc\u00f3 hace cuatro a\u00f1os y en la que participaron unos 65.000 empleados y exempleados del sector tecnol\u00f3gico, se generaron 3,2 millones de documentos legales.<\/p>\n<p>La jueza de distrito Lucy Koch determin\u00f3 en San Jos\u00e9 (California) este mi\u00e9rcoles, si bien la informaci\u00f3n trascendi\u00f3 hoy, que el acuerdo extrajudicial es \u00abjusto, adecuado y razonable\u00bb para los miles de demandantes involucrados.<\/p>\n<p>Las cuatro empresas involucradas propusieron en enero el pago de los 415 millones de d\u00f3lares despu\u00e9s de que la juez rechazase los 324,5 millones ofrecidos anteriormente por las compa\u00f1\u00edas.<\/p>\n<p>La demanda revel\u00f3 c\u00f3mo las empresas tecnol\u00f3gicas combinaron esfuerzos para evitar contratar a los profesionales de la competencia, lo que, seg\u00fan los empleados demandantes, limit\u00f3 sus posibilidades de prosperar y lograr mejores salarios.<\/p>\n<p>Entre la informaci\u00f3n que sali\u00f3 a relucir est\u00e1 un intercambio de correos electr\u00f3nicos entre el ya fallecido fundador de Apple, Steve Jobs, y Eric Schmidt, ex consejero delegado de Google y ahora presidente ejecutivo de Alphabet, el conglomerado de reciente creaci\u00f3n que aglutina a Google y otras seis empresas.<\/p>\n<p>En ese intercambio electr\u00f3nico, Jobs le pide a Schmidt que detenga la contrataci\u00f3n de uno de los ingenieros de Apple.<\/p>\n<p>\u00abEstar\u00eda muy satisfecho si tu departamento de contrataci\u00f3n detiene esto\u00bb, dijo Jobs a Schmidt en un correo fechado el 7 de marzo del 2007.<\/p>\n<p>El alto ejecutivo de Google envi\u00f3 posteriormente un correo al departamento de recursos humanos para que frenasen la contrataci\u00f3n.<\/p>\n<p>\u00abCreo que tenemos la pol\u00edtica de no reclutar gente de Apple (&#8230;). \u00bfPodr\u00edan detener esto y decirme por qu\u00e9 est\u00e1 ocurriendo? Necesitar\u00eda enviar una respuesta a Apple r\u00e1pidamente, as\u00ed que, por favor, resp\u00f3ndanme tan pronto como puedan\u00bb, escribi\u00f3 Schmidt entonces.<\/p>\n<p>Cada uno de los demandantes recibir\u00e1 alrededor de 5.770 d\u00f3lares.<\/p>\n<\/div>\n","protected":false},"excerpt":{"rendered":"<p>EFE San Francisco (EE.UU.) Apple, Google, Intel y Adobe han acordado pagar 415 millones de d\u00f3lares en EE.UU. para resolver una demanda colectiva que acusaba a las firmas tecnol\u00f3gicas de conspirar para no contratar a los empleados de las otras compa\u00f1\u00edas. Durante la demanda, que arranc\u00f3 hace cuatro a\u00f1os y en la que participaron unos [&hellip;]<\/p>\n","protected":false},"author":7,"featured_media":22955,"comment_status":"open","ping_status":"open","sticky":false,"template":"","format":"standard","meta":{"footnotes":""},"categories":[1,40],"tags":[],"class_list":["post-22954","post","type-post","status-publish","format-standard","has-post-thumbnail","hentry","category-entretenimiento","category-internacionales"],"_links":{"self":[{"href":"https:\/\/2horizontes.com\/index.php?rest_route=\/wp\/v2\/posts\/22954","targetHints":{"allow":["GET"]}}],"collection":[{"href":"https:\/\/2horizontes.com\/index.php?rest_route=\/wp\/v2\/posts"}],"about":[{"href":"https:\/\/2horizontes.com\/index.php?rest_route=\/wp\/v2\/types\/post"}],"author":[{"embeddable":true,"href":"https:\/\/2horizontes.com\/index.php?rest_route=\/wp\/v2\/users\/7"}],"replies":[{"embeddable":true,"href":"https:\/\/2horizontes.com\/index.php?rest_route=%2Fwp%2Fv2%2Fcomments&post=22954"}],"version-history":[{"count":1,"href":"https:\/\/2horizontes.com\/index.php?rest_route=\/wp\/v2\/posts\/22954\/revisions"}],"predecessor-version":[{"id":22956,"href":"https:\/\/2horizontes.com\/index.php?rest_route=\/wp\/v2\/posts\/22954\/revisions\/22956"}],"wp:featuredmedia":[{"embeddable":true,"href":"https:\/\/2horizontes.com\/index.php?rest_route=\/wp\/v2\/media\/22955"}],"wp:attachment":[{"href":"https:\/\/2horizontes.com\/index.php?rest_route=%2Fwp%2Fv2%2Fmedia&parent=22954"}],"wp:term":[{"taxonomy":"category","embeddable":true,"href":"https:\/\/2horizontes.com\/index.php?rest_route=%2Fwp%2Fv2%2Fcategories&post=22954"},{"taxonomy":"post_tag","embeddable":true,"href":"https:\/\/2horizontes.com\/index.php?rest_route=%2Fwp%2Fv2%2Ftags&post=22954"}],"curies":[{"name":"wp","href":"https:\/\/api.w.org\/{rel}","templated":true}]}}