{"id":22951,"date":"2015-09-04T08:56:14","date_gmt":"2015-09-04T07:56:14","guid":{"rendered":"http:\/\/2horizontes.com\/?p=22951"},"modified":"2015-09-04T08:56:14","modified_gmt":"2015-09-04T07:56:14","slug":"maldonado-pide-renuncia-de-ministros-y-altos-funcionarios-de-guatemala","status":"publish","type":"post","link":"https:\/\/2horizontes.com\/?p=22951","title":{"rendered":"Maldonado pide renuncia de ministros y altos funcionarios de Guatemala"},"content":{"rendered":"<div id=\"ArticleAuthorDiv\" class=\"article-body-author\"><b>EFE<\/b><\/div>\n<div id=\"ArticleSourceDiv\" class=\"article-body-author\"><b>Guatemala<\/b><\/div>\n<div id=\"ArticleBody\">\n<p>El nuevo presidente de Guatemala, Alejandro Maldonado, pidi\u00f3 ayer la renuncia a todos los ministros, secretarios y altos funcionarios del Gobierno, en su primer discurso tras asumir el cargo en sustituci\u00f3n de Otto P\u00e9rez Molina, quien renunci\u00f3 para someterse a la justicia por un caso de corrupci\u00f3n.<\/p>\n<p>\u00abPido a todos los ministros, comisionados y altos funcionarios que pongan a disposici\u00f3n sus cargos para hacer las sustituciones necesarias que encajan con este Gobierno transitorio\u00bb, dijo ante el Congreso.<\/p>\n<p>Maldonado, de 79 a\u00f1os y quien se desempe\u00f1aba como vicepresidente de Guatemala, jur\u00f3 el cargo de presidente ante el Congreso, tal y como lo establece la Constituci\u00f3n en caso de ausencia \u00ababsoluta o temporal\u00bb del presidente. En sus primeras palabras como jefe de Estado, Maldonado tambi\u00e9n invit\u00f3 a los grupos sociales guatemaltecos a que le hagan propuestas \u00abid\u00f3neas\u00bb a su Gobierno, que culminar\u00e1 el 14 de enero de 2016.<\/p>\n<p>Maldonado asumi\u00f3 la Presidencia a pocos d\u00edas de los comicios generales el pr\u00f3ximo domingo, donde los guatemaltecos elegir\u00e1n a las autoridades para el per\u00edodo 2016-2020, incluidos presidente y vicepresidente, adem\u00e1s de 158 diputados, 20 legisladores al Congreso y 338 corporaciones municipales.<\/p>\n<p>Tambi\u00e9n en medio de una crisis institucional que ha incluido decenas de manifestaciones pac\u00edficas de ciudadanos que ped\u00edan la renuncia de P\u00e9rez Molina y el fin de la corrupci\u00f3n. El nuevo mandatario prometi\u00f3 recuperar la democracia junto con sus valores sustantivos y exhort\u00f3 a los hombres, mujeres y j\u00f3venes a continuar con sus reclamos. Maldonado dijo que la renuncia esta madrugada de P\u00e9rez Molina a la Presidencia fue una \u00abdecisi\u00f3n personal\u00bb, indudablemente \u00abmuy dif\u00edcil\u00bb.<\/p>\n<p>El exgobernante de 64 a\u00f1os es se\u00f1alado por el Ministerio P\u00fablico y la Comisi\u00f3n Internacional Contra la Impunidad en Guatemala (CICIG), un organismo de la ONU, de dirigir una millonaria red de corrupci\u00f3n en el ente recaudador de impuestos.<\/p>\n<p>P\u00e9rez Molina se encuentra desde esta ma\u00f1ana en un juzgado, al que lleg\u00f3 voluntariamente y siendo a\u00fan jefe del Estado, para rendir su primera declaraci\u00f3n por el caso conocido como \u00abLa L\u00ednea\u00bb, que tambi\u00e9n cost\u00f3 el cargo en mayo pasado a Roxana Baldetti como vicepresidenta, quien ahora cumple prisi\u00f3n preventiva.<\/p>\n<\/div>\n","protected":false},"excerpt":{"rendered":"<p>EFE Guatemala El nuevo presidente de Guatemala, Alejandro Maldonado, pidi\u00f3 ayer la renuncia a todos los ministros, secretarios y altos funcionarios del Gobierno, en su primer discurso tras asumir el cargo en sustituci\u00f3n de Otto P\u00e9rez Molina, quien renunci\u00f3 para someterse a la justicia por un caso de corrupci\u00f3n. \u00abPido a todos los ministros, comisionados [&hellip;]<\/p>\n","protected":false},"author":7,"featured_media":22952,"comment_status":"open","ping_status":"open","sticky":false,"template":"","format":"standard","meta":{"footnotes":""},"categories":[40,43],"tags":[],"class_list":["post-22951","post","type-post","status-publish","format-standard","has-post-thumbnail","hentry","category-internacionales","category-politica"],"_links":{"self":[{"href":"https:\/\/2horizontes.com\/index.php?rest_route=\/wp\/v2\/posts\/22951","targetHints":{"allow":["GET"]}}],"collection":[{"href":"https:\/\/2horizontes.com\/index.php?rest_route=\/wp\/v2\/posts"}],"about":[{"href":"https:\/\/2horizontes.com\/index.php?rest_route=\/wp\/v2\/types\/post"}],"author":[{"embeddable":true,"href":"https:\/\/2horizontes.com\/index.php?rest_route=\/wp\/v2\/users\/7"}],"replies":[{"embeddable":true,"href":"https:\/\/2horizontes.com\/index.php?rest_route=%2Fwp%2Fv2%2Fcomments&post=22951"}],"version-history":[{"count":1,"href":"https:\/\/2horizontes.com\/index.php?rest_route=\/wp\/v2\/posts\/22951\/revisions"}],"predecessor-version":[{"id":22953,"href":"https:\/\/2horizontes.com\/index.php?rest_route=\/wp\/v2\/posts\/22951\/revisions\/22953"}],"wp:featuredmedia":[{"embeddable":true,"href":"https:\/\/2horizontes.com\/index.php?rest_route=\/wp\/v2\/media\/22952"}],"wp:attachment":[{"href":"https:\/\/2horizontes.com\/index.php?rest_route=%2Fwp%2Fv2%2Fmedia&parent=22951"}],"wp:term":[{"taxonomy":"category","embeddable":true,"href":"https:\/\/2horizontes.com\/index.php?rest_route=%2Fwp%2Fv2%2Fcategories&post=22951"},{"taxonomy":"post_tag","embeddable":true,"href":"https:\/\/2horizontes.com\/index.php?rest_route=%2Fwp%2Fv2%2Ftags&post=22951"}],"curies":[{"name":"wp","href":"https:\/\/api.w.org\/{rel}","templated":true}]}}