{"id":22948,"date":"2015-09-04T08:51:32","date_gmt":"2015-09-04T07:51:32","guid":{"rendered":"http:\/\/2horizontes.com\/?p=22948"},"modified":"2015-09-04T08:51:32","modified_gmt":"2015-09-04T07:51:32","slug":"tormenta-kevin-se-forma-frente-a-las-costas-del-noroeste-de-mexico","status":"publish","type":"post","link":"https:\/\/2horizontes.com\/?p=22948","title":{"rendered":"Tormenta Kevin se forma frente a las costas del noroeste de M\u00e9xico"},"content":{"rendered":"<div id=\"ArticleAuthorDiv\" class=\"article-body-author\"><b>EFE<\/b><\/div>\n<div id=\"ArticleSourceDiv\" class=\"article-body-author\"><b>M\u00e9xico<\/b><\/div>\n<div id=\"ArticleBody\">\n<p>La tormenta tropical Kevin se form\u00f3 ayer sobre aguas del Oc\u00e9ano Pac\u00edfico y se localiza 815 kil\u00f3metros al suroeste de Cabo San Lucas, en el noroccidental estado mexicano de Baja California Sur, inform\u00f3 el Servicio Meteorol\u00f3gico Nacional (SMN).<\/p>\n<p>El fen\u00f3meno se desplaza hacia el norte a 9 kil\u00f3metros por hora, acompa\u00f1ado de vientos sostenidos de 85 kil\u00f3metros por hora y rachas de 100 kil\u00f3metros.<\/p>\n<p>El organismo mexicano, que no ha emitido una alerta por el paso de la tormenta, prev\u00e9 fuertes precipitaciones en Baja California Sur.<\/p>\n<p>Los expertos prev\u00e9n que Kevin se degrade a depresi\u00f3n tropical el pr\u00f3ximo domingo, cuando se localice a 675 kil\u00f3metros al oeste-suroeste de Cabo San L\u00e1zaro, en Baja California Sur.<\/p>\n<p>En el Pac\u00edfico hay un carrusel de ciclones, cuatro en total, debido al fen\u00f3meno de El Ni\u00f1o, que seg\u00fan los expertos esta temporada se presenta con intensidad.<\/p>\n<p>Los meteor\u00f3logos pronosticaron la formaci\u00f3n de 19 ciclones con nombre en la temporada de 2015 en la cuenca del Pac\u00edfico, que arranc\u00f3 formalmente el 15 de mayo pasado, un 40 % m\u00e1s que el promedio hist\u00f3rico.<\/p>\n<p>Hasta ahora se han formado once, pero a\u00fan faltan tres meses para el fin de la temporada el 30 de noviembre.<\/p>\n<p>En 2014 se registraron 21 ciclones en el Pac\u00edfico, convirti\u00e9ndose as\u00ed en la temporada m\u00e1s activa para esta cuenca desde 1992.<\/p>\n<\/div>\n","protected":false},"excerpt":{"rendered":"<p>EFE M\u00e9xico La tormenta tropical Kevin se form\u00f3 ayer sobre aguas del Oc\u00e9ano Pac\u00edfico y se localiza 815 kil\u00f3metros al suroeste de Cabo San Lucas, en el noroccidental estado mexicano de Baja California Sur, inform\u00f3 el Servicio Meteorol\u00f3gico Nacional (SMN). El fen\u00f3meno se desplaza hacia el norte a 9 kil\u00f3metros por hora, acompa\u00f1ado de vientos [&hellip;]<\/p>\n","protected":false},"author":7,"featured_media":22949,"comment_status":"open","ping_status":"open","sticky":false,"template":"","format":"standard","meta":{"footnotes":""},"categories":[40],"tags":[],"class_list":["post-22948","post","type-post","status-publish","format-standard","has-post-thumbnail","hentry","category-internacionales"],"_links":{"self":[{"href":"https:\/\/2horizontes.com\/index.php?rest_route=\/wp\/v2\/posts\/22948","targetHints":{"allow":["GET"]}}],"collection":[{"href":"https:\/\/2horizontes.com\/index.php?rest_route=\/wp\/v2\/posts"}],"about":[{"href":"https:\/\/2horizontes.com\/index.php?rest_route=\/wp\/v2\/types\/post"}],"author":[{"embeddable":true,"href":"https:\/\/2horizontes.com\/index.php?rest_route=\/wp\/v2\/users\/7"}],"replies":[{"embeddable":true,"href":"https:\/\/2horizontes.com\/index.php?rest_route=%2Fwp%2Fv2%2Fcomments&post=22948"}],"version-history":[{"count":1,"href":"https:\/\/2horizontes.com\/index.php?rest_route=\/wp\/v2\/posts\/22948\/revisions"}],"predecessor-version":[{"id":22950,"href":"https:\/\/2horizontes.com\/index.php?rest_route=\/wp\/v2\/posts\/22948\/revisions\/22950"}],"wp:featuredmedia":[{"embeddable":true,"href":"https:\/\/2horizontes.com\/index.php?rest_route=\/wp\/v2\/media\/22949"}],"wp:attachment":[{"href":"https:\/\/2horizontes.com\/index.php?rest_route=%2Fwp%2Fv2%2Fmedia&parent=22948"}],"wp:term":[{"taxonomy":"category","embeddable":true,"href":"https:\/\/2horizontes.com\/index.php?rest_route=%2Fwp%2Fv2%2Fcategories&post=22948"},{"taxonomy":"post_tag","embeddable":true,"href":"https:\/\/2horizontes.com\/index.php?rest_route=%2Fwp%2Fv2%2Ftags&post=22948"}],"curies":[{"name":"wp","href":"https:\/\/api.w.org\/{rel}","templated":true}]}}