{"id":22940,"date":"2015-09-04T08:43:17","date_gmt":"2015-09-04T07:43:17","guid":{"rendered":"http:\/\/2horizontes.com\/?p=22940"},"modified":"2015-09-04T08:43:17","modified_gmt":"2015-09-04T07:43:17","slug":"alejandro-maldonado-de-juez-a-presidente-de-guatemala-en-112-dias","status":"publish","type":"post","link":"https:\/\/2horizontes.com\/?p=22940","title":{"rendered":"Alejandro Maldonado, de juez a presidente de Guatemala en 112 d\u00edas"},"content":{"rendered":"<div id=\"ArticleAuthorDiv\" class=\"article-body-author\"><b>EFE<\/b><\/div>\n<div id=\"ArticleSourceDiv\" class=\"article-body-author\"><b>Guatemala<\/b><\/div>\n<div id=\"ArticleBody\">\n<p>La Presidencia de Guatemala tom\u00f3 por sorpresa al abogado Alejandro Maldonado, de 79 a\u00f1os, quien hasta hace cuatro meses era magistrado titular de la Corte de Constitucionalidad, m\u00e1ximo tribunal del pa\u00eds centroamericano.<\/p>\n<p>Maldonado jur\u00f3 ayer ante el Congreso como el presidente n\u00famero 49 de Guatemala y en sustituci\u00f3n de Otto P\u00e9rez Molina, quien renunci\u00f3 al cargo en \u00faltimas horas para enfrentar a la Justicia por su supuesta implicaci\u00f3n en el caso de corrupci\u00f3n aduanera conocido como \u00abLa L\u00ednea\u00bb.<\/p>\n<p>El Parlamento acept\u00f3 este jueves la dimisi\u00f3n de P\u00e9rez Molina, un general retirado de 64 a\u00f1os, con el voto de 116 de los 158 diputados del pleno, m\u00e1s de los dos tercios necesarios en estos casos que establece la Constituci\u00f3n.<\/p>\n<p>Maldonado, quien era uno de los cinco magistrados titulares de la Corte de Constitucionalidad hasta hace 112 d\u00edas, se mantuvo al margen de la crisis pol\u00edtica que P\u00e9rez Molina afront\u00f3 durante los \u00faltimos meses.<\/p>\n<p>Hace una semana, el pol\u00edtico, diplom\u00e1tico, docente universitario y abogado asegur\u00f3 que no le exigi\u00f3 la renuncia al general retirado por \u00ab\u00e9tica pol\u00edtica\u00bb y porque se trataba de una decisi\u00f3n que es \u00abpersonal\u00bb.<\/p>\n<p>\u00abNo lo puedo hacer por mi temperamento. Yo a la edad pol\u00edtica y con la carrera pol\u00edtica que llevo no quiero pasar despu\u00e9s con el t\u00edtulo de traidor y de cobarde\u00bb, sostuvo el ahora presidente de Guatemala el 27 de agosto en una entrevista televisiva, en la que tambi\u00e9n admiti\u00f3 que hablaba poco con P\u00e9rez Molina.<\/p>\n<p>Con m\u00e1s de medio siglo de experiencia en puestos p\u00fablicos, Maldonado fue nombrado vicepresidente de Guatemala el 14 de mayo pasado tras la salida del cargo de Roxana Baldetti, quien dimiti\u00f3 el d\u00eda 8 del mismo mes salpicada por el mismo caso de corrupci\u00f3n y que ahora est\u00e1 bajo detenci\u00f3n preventiva.<\/p>\n<p>Fue designado vicepresidente por el Congreso en aquel momento de una terna de tres candidatos enviada al hemiciclo por P\u00e9rez Molina, compuesta adem\u00e1s por los funcionarios Adela Camacho de Torrebiarte y Adri\u00e1n Zapata Romero.<\/p>\n<p>Maldonado fue el quinto candidato propuesto para la terna por P\u00e9rez Molina, despu\u00e9s de que fueran removidos de la misma el ministro de Trabajo, Carlos Contreras, y el diputado del oficialista Partido Patriota (PP), Oliverio Garc\u00eda Rodas.<\/p>\n<p>El jurista, graduado en la estatal Universidad San Carlos de Guatemala (USAC), fue elegido como uno de los cinco magistrados de la Corte de Constitucionalidad en 2006 para un per\u00edodo de cinco a\u00f1os y repiti\u00f3 la designaci\u00f3n en 2011.<\/p>\n<p>La llegada de Maldonado al cargo de presidente sucede justo una semana despu\u00e9s de que una multitudinaria manifestaci\u00f3n exigiera la dimisi\u00f3n de P\u00e9rez Molina por el caso de corrupci\u00f3n en el ente recaudador de impuestos.<\/p>\n<p>El jurista terminar\u00e1 el per\u00edodo presidencial de cuatro a\u00f1os de P\u00e9rez Molina el 14 de enero de 2016.<\/p>\n<p>Nacido en 1936, la carrera Maldonado incluye tres per\u00edodos como diputado (1966-1970, 1984-1986 y 2004-2006), adem\u00e1s de una trayectoria como embajador de Guatemala en M\u00e9xico y en la ONU.<\/p>\n<p>Tambi\u00e9n ha sido ministro de Estado, primero en la cartera de Educaci\u00f3n, entre 1970 y 1974, en el Gobierno de Carlos Arana, y posteriormente como canciller en 1995.<\/p>\n<p>En 1982 particip\u00f3 en las elecciones presidenciales del pa\u00eds y acab\u00f3 en tercer lugar, por detr\u00e1s de \u00c1ngel An\u00edbal Guevara y Mario Sandoval Alarc\u00f3n, aunque el militar golpista Jos\u00e9 Efra\u00edn R\u00edos Montt finalmente se quedar\u00eda como el jefe del gobierno de facto ese a\u00f1o tras llevar a cabo un golpe de Estado.<\/p>\n<p>Maldonado ha sido docente universitario durante las \u00faltimas tres d\u00e9cadas en la misma USAC y en las universidades privadas Rafael Land\u00edvar y Francisco Marroqu\u00edn, impartiendo c\u00e1tedras de diversa \u00edndole jur\u00eddica.<\/p>\n<\/div>\n<div><\/div>\n<p>&nbsp;<\/p>\n","protected":false},"excerpt":{"rendered":"<p>EFE Guatemala La Presidencia de Guatemala tom\u00f3 por sorpresa al abogado Alejandro Maldonado, de 79 a\u00f1os, quien hasta hace cuatro meses era magistrado titular de la Corte de Constitucionalidad, m\u00e1ximo tribunal del pa\u00eds centroamericano. Maldonado jur\u00f3 ayer ante el Congreso como el presidente n\u00famero 49 de Guatemala y en sustituci\u00f3n de Otto P\u00e9rez Molina, quien [&hellip;]<\/p>\n","protected":false},"author":7,"featured_media":22941,"comment_status":"open","ping_status":"open","sticky":false,"template":"","format":"standard","meta":{"footnotes":""},"categories":[40,43],"tags":[],"class_list":["post-22940","post","type-post","status-publish","format-standard","has-post-thumbnail","hentry","category-internacionales","category-politica"],"_links":{"self":[{"href":"https:\/\/2horizontes.com\/index.php?rest_route=\/wp\/v2\/posts\/22940","targetHints":{"allow":["GET"]}}],"collection":[{"href":"https:\/\/2horizontes.com\/index.php?rest_route=\/wp\/v2\/posts"}],"about":[{"href":"https:\/\/2horizontes.com\/index.php?rest_route=\/wp\/v2\/types\/post"}],"author":[{"embeddable":true,"href":"https:\/\/2horizontes.com\/index.php?rest_route=\/wp\/v2\/users\/7"}],"replies":[{"embeddable":true,"href":"https:\/\/2horizontes.com\/index.php?rest_route=%2Fwp%2Fv2%2Fcomments&post=22940"}],"version-history":[{"count":1,"href":"https:\/\/2horizontes.com\/index.php?rest_route=\/wp\/v2\/posts\/22940\/revisions"}],"predecessor-version":[{"id":22942,"href":"https:\/\/2horizontes.com\/index.php?rest_route=\/wp\/v2\/posts\/22940\/revisions\/22942"}],"wp:featuredmedia":[{"embeddable":true,"href":"https:\/\/2horizontes.com\/index.php?rest_route=\/wp\/v2\/media\/22941"}],"wp:attachment":[{"href":"https:\/\/2horizontes.com\/index.php?rest_route=%2Fwp%2Fv2%2Fmedia&parent=22940"}],"wp:term":[{"taxonomy":"category","embeddable":true,"href":"https:\/\/2horizontes.com\/index.php?rest_route=%2Fwp%2Fv2%2Fcategories&post=22940"},{"taxonomy":"post_tag","embeddable":true,"href":"https:\/\/2horizontes.com\/index.php?rest_route=%2Fwp%2Fv2%2Ftags&post=22940"}],"curies":[{"name":"wp","href":"https:\/\/api.w.org\/{rel}","templated":true}]}}