{"id":22937,"date":"2015-09-04T08:40:03","date_gmt":"2015-09-04T07:40:03","guid":{"rendered":"http:\/\/2horizontes.com\/?p=22937"},"modified":"2015-09-04T08:40:03","modified_gmt":"2015-09-04T07:40:03","slug":"senado-de-puerto-rico-aprueba-relegar-el-ingles-a-segundo-idioma-de-la-isla","status":"publish","type":"post","link":"https:\/\/2horizontes.com\/?p=22937","title":{"rendered":"Senado de Puerto Rico aprueba relegar el ingl\u00e9s a segundo idioma de la isla"},"content":{"rendered":"<div id=\"ArticleAuthorDiv\" class=\"article-body-author\"><b>EFE<\/b><\/div>\n<div id=\"ArticleSourceDiv\" class=\"article-body-author\"><b>San Juan, Puerto Rico<\/b><\/div>\n<div id=\"ArticleBody\">\n<p>El Senado de Puerto Rico aprob\u00f3 ayer un proyecto de Ley que declara el espa\u00f1ol como primera lengua oficial en la isla y relega el ingl\u00e9s a segundo idioma.<\/p>\n<p>El Proyecto del Senado 1177 fue presentado en agosto de 2014 por Antonio Fas Alzamora, expresidente del gobernante Partido Popular Democr\u00e1tico (PPD), y hab\u00eda ca\u00eddo en el olvido hasta que el pasado junio se vot\u00f3 de viva voz y fue rechazado.<\/p>\n<p>Sin embargo, se acord\u00f3 su reconsideraci\u00f3n y hoy fue finalmente aprobado sin debate previo gracias al apoyo de la gran mayor\u00eda de los senadores del partido gobernante.<\/p>\n<p>Se opusieron los ocho senadores del principal partido de la oposici\u00f3n, as\u00ed como el presidente del Senado, Eduardo Bhatia, y Jos\u00e9 Nadal Power (ambos del PPD) y la independentista Mar\u00eda de Lourdes Santiago.<\/p>\n<p>En un comunicado, Bhatia explic\u00f3 su oposici\u00f3n argumentando que no cree \u00aben una legislaci\u00f3n donde el Estado imponga un idioma oficial\u00bb, ya que \u00ablimita a quienes quieran formar parte de un pa\u00eds y se vean limitados por una determinaci\u00f3n de idioma oficial\u00bb.<\/p>\n<p>\u00abEn el siglo XXI los esfuerzos gubernamentales deben ir dirigidos al &#8216;pluriculturalismo&#8217;, incluyendo la diversidad de idiomas\u00bb, defendi\u00f3.<\/p>\n<p>Un argumento muy distinto esgrimi\u00f3 la legisladora independentista, que sostiene que el espa\u00f1ol debe ser el \u00fanico idioma oficial, como v\u00eda para mantener la identidad cultural puertorrique\u00f1a.<\/p>\n<p>En 1993 se aprob\u00f3 una ley que establec\u00eda que ambos idiomas eran cooficiales para los asuntos del Gobierno de este Estado Libre Asociado a EE.UU.<\/p>\n<p>Sin embargo, el espa\u00f1ol es el m\u00e1s utilizado en esta excolonia espa\u00f1ola. Mientras que tradicionalmente el sector anexionista de la isla aboga por privilegiar el ingl\u00e9s, el independentista apoya la primac\u00eda del espa\u00f1ol.<\/p>\n<p>El gobernante PPD aboga por mantener el actual estatus de Puerto Rico, que confiere la ciudadan\u00eda estadounidense a los puertorrique\u00f1os e impone las leyes federales y la pol\u00edtica exterior, pero otorga gran autonom\u00eda para gestionar asuntos internos y concede soberan\u00eda en \u00e1mbitos como el deportivo.<\/p>\n<p>La iniciativa aprobada hoy, que busca establecer que el espa\u00f1ol sea el primer idioma oficial y de uso obligatorio en el \u00e1mbito ejecutivo, legislativo y judicial, y derogar as\u00ed la Ley 1-1993 que equipar\u00f3 ambos idiomas en los organismos p\u00fablicos, debe ser aprobada ahora por la C\u00e1mara de Representantes antes de pasar a firma del gobernador de la isla.<\/p>\n<p>Aquella ley fue impulsada por el entonces gobernador Pedro Rossell\u00f3, del anexionista Partido Nuevo Progresista (PNP), que ahora es el principal partido de la oposici\u00f3n y que aboga por convertir a Puerto Rico en el estado n\u00famero 51 de EE.UU.<\/p>\n<p>Tan solo dos a\u00f1os antes, en 1991, Espa\u00f1a otorg\u00f3 el Premio Pr\u00edncipe de Asturias de las Letras a Puerto Rico por su defensa del espa\u00f1ol, despu\u00e9s de la aprobaci\u00f3n en la isla de una ley que oficializ\u00f3 ese idioma como el \u00fanico.<\/p>\n<p>\u00abAl establecer el espa\u00f1ol como primer idioma oficial fortaleceremos nuestra identidad cultural y validamos la realidad de que m\u00e1s del 80 % de los puertorrique\u00f1os no entienden ni hablan ingl\u00e9s\u00bb, argumenta Fas Alzamora en la exposici\u00f3n de motivos del proyecto.<\/p>\n<p>En su opini\u00f3n, la legislaci\u00f3n vigente ignora la \u00abinnegable realidad\u00bb de que una gran mayor\u00eda de los puertorrique\u00f1os no entiende ni habla el ingl\u00e9s.<\/p>\n<p>\u00abDesde la invasi\u00f3n de EE.UU. a nuestro pa\u00eds, se han puesto en vigor diferentes iniciativas dirigidas a la asimilaci\u00f3n del pueblo puertorrique\u00f1o\u00bb, critica, tras recordar que la \u00abrealidad\u00bb boricua \u00aben t\u00e9rminos culturales, hist\u00f3ricos, geogr\u00e1ficos y jur\u00eddicos es muy diferente a la de nuestros conciudadanos estadounidenses\u00bb.<\/p>\n<p>Recuerda que \u00abun sinn\u00famero de hombres y mujeres ilustres y patriotas dieron la batalla porque no se nos arrebataran las caracter\u00edsticas que nos identifican como naci\u00f3n caribe\u00f1a y latinoamericana, \u00fanica y diferente\u00bb.<\/p>\n<p>\u00abEs imperativo que le demos a nuestra lengua vern\u00e1cula el sitial que se merece. Tratar de equiparar cualquier otra lengua extranjera a la nuestra en asuntos oficiales de nuestro Gobierno es un acto que demanda nuestra atenci\u00f3n y rectificaci\u00f3n\u00bb, defiende.<\/p>\n<\/div>\n","protected":false},"excerpt":{"rendered":"<p>EFE San Juan, Puerto Rico El Senado de Puerto Rico aprob\u00f3 ayer un proyecto de Ley que declara el espa\u00f1ol como primera lengua oficial en la isla y relega el ingl\u00e9s a segundo idioma. El Proyecto del Senado 1177 fue presentado en agosto de 2014 por Antonio Fas Alzamora, expresidente del gobernante Partido Popular Democr\u00e1tico [&hellip;]<\/p>\n","protected":false},"author":7,"featured_media":22938,"comment_status":"open","ping_status":"open","sticky":false,"template":"","format":"standard","meta":{"footnotes":""},"categories":[55,40,43],"tags":[],"class_list":["post-22937","post","type-post","status-publish","format-standard","has-post-thumbnail","hentry","category-educacion","category-internacionales","category-politica"],"_links":{"self":[{"href":"https:\/\/2horizontes.com\/index.php?rest_route=\/wp\/v2\/posts\/22937","targetHints":{"allow":["GET"]}}],"collection":[{"href":"https:\/\/2horizontes.com\/index.php?rest_route=\/wp\/v2\/posts"}],"about":[{"href":"https:\/\/2horizontes.com\/index.php?rest_route=\/wp\/v2\/types\/post"}],"author":[{"embeddable":true,"href":"https:\/\/2horizontes.com\/index.php?rest_route=\/wp\/v2\/users\/7"}],"replies":[{"embeddable":true,"href":"https:\/\/2horizontes.com\/index.php?rest_route=%2Fwp%2Fv2%2Fcomments&post=22937"}],"version-history":[{"count":1,"href":"https:\/\/2horizontes.com\/index.php?rest_route=\/wp\/v2\/posts\/22937\/revisions"}],"predecessor-version":[{"id":22939,"href":"https:\/\/2horizontes.com\/index.php?rest_route=\/wp\/v2\/posts\/22937\/revisions\/22939"}],"wp:featuredmedia":[{"embeddable":true,"href":"https:\/\/2horizontes.com\/index.php?rest_route=\/wp\/v2\/media\/22938"}],"wp:attachment":[{"href":"https:\/\/2horizontes.com\/index.php?rest_route=%2Fwp%2Fv2%2Fmedia&parent=22937"}],"wp:term":[{"taxonomy":"category","embeddable":true,"href":"https:\/\/2horizontes.com\/index.php?rest_route=%2Fwp%2Fv2%2Fcategories&post=22937"},{"taxonomy":"post_tag","embeddable":true,"href":"https:\/\/2horizontes.com\/index.php?rest_route=%2Fwp%2Fv2%2Ftags&post=22937"}],"curies":[{"name":"wp","href":"https:\/\/api.w.org\/{rel}","templated":true}]}}