{"id":22934,"date":"2015-09-04T08:34:36","date_gmt":"2015-09-04T07:34:36","guid":{"rendered":"http:\/\/2horizontes.com\/?p=22934"},"modified":"2015-09-04T08:34:36","modified_gmt":"2015-09-04T07:34:36","slug":"expresidente-de-guatemala-perez-molina-pasa-su-primera-noche-preso","status":"publish","type":"post","link":"https:\/\/2horizontes.com\/?p=22934","title":{"rendered":"Expresidente de Guatemala P\u00e9rez Molina pasa su primera noche preso"},"content":{"rendered":"<div id=\"ArticleAuthorDiv\" class=\"article-body-author\"><b>(Agencias)<\/b><\/div>\n<div id=\"ArticleSourceDiv\" class=\"article-body-author\"><b>Guatemala<\/b><\/div>\n<div id=\"ArticleBody\">\n<p>El juez Miguel \u00c1ngel G\u00e1lvez orden\u00f3 ayer la prisi\u00f3n provisional del expresidente de Guatemala Otto P\u00e9rez Molina, acusado de liderar una red de defraudaci\u00f3n conocido como \u201cLa L\u00ednea\u201d.<\/p>\n<p>\u201cEsta es \u00fanicamente prisi\u00f3n provisional y no preventiva\u201d, aclar\u00f3 G\u00e1lvez en la primera audiencia del caso, y orden\u00f3 el traslado a una c\u00e1rcel en el Cuartel Militar Matamoros, en la capital, de P\u00e9rez Molina, quien ayer dej\u00f3 de ser presidente de Guatemala luego de que el Congreso acept\u00f3 su dimisi\u00f3n.<\/p>\n<p>El juez explic\u00f3 que la medida de arresto provisional obedece al peligro de fuga y busca garantizar tanto la vida de P\u00e9rez Molina como que hoy contin\u00fae la audiencia de primera declaraci\u00f3n del imputado.<\/p>\n<p>El abogado del exmandatario, C\u00e9sar Calder\u00f3n, trat\u00f3 de impedir la prisi\u00f3n provisional al interponer un recurso, por considerar que se violaba la presunci\u00f3n de inocencia, pero el juez lo rechaz\u00f3.<\/p>\n<p>\u201cLa prisi\u00f3n provisional es para garantizar la seguridad de P\u00e9rez Molina\u201d, enfatiz\u00f3 el juez, que convoc\u00f3 para ma\u00f1ana la continuidad de la audiencia.<\/p>\n<p>La Fiscal\u00eda imput\u00f3 ayer jueves a P\u00e9rez Molina los delitos de asociaci\u00f3n il\u00edcita, cohecho pasivo y caso especial de defraudaci\u00f3n aduanera.<\/p>\n<p>P\u00e9rez Molina es acu- sado por la Fiscal\u00eda y la Comisi\u00f3n Internacional Contra la Impunidad en Guatemala (CICIG), un organismo de la ONU, de dirigir una red de corrupci\u00f3n en el ente recaudador de impuestos, en complicidad con al menos 28 personas, incluida Roxana Baldetti, quien renunci\u00f3 a la vicepresidencia en mayo pasado y cumple arresto preventivo por el caso.<\/p>\n<p>El oficial de la Polic\u00eda Nacional Civil (PNC, Julio Cord\u00f3n), fue delegado por el juez para trasladar a P\u00e9rez Molina al cuartel Matamoros.<\/p>\n<p><strong>Mandatario conservador<\/strong><br \/>\nEn tanto, el nuevo presidente de Guatemala, Alejandro Maldonado, le pidi\u00f3 a los altos funcionarios del gobierno que presentaran su renuncia y prometi\u00f3 la conformaci\u00f3n de un nuevo gabinete luego de que el Congreso aceptara la renuncia del ahora ex mandatario Otto P\u00e9rez Molina.<\/p>\n<p>En un breve discurso dirigido a los j\u00f3venes que desde abril se han manifestado en las calles para exigir la renuncia de P\u00e9rez Molina, Maldonado dijo que \u00e9l esperaba construir un legado de honestidad y recuperar la fe en la democracia guatemalteca en los pocos meses que estar\u00e1 a cargo de la presidencia.<\/p>\n<p>\u201cNo pueden dar por finalizada su tarea. En lo que queda de a\u00f1o debe haber una respuesta positiva, abrir espacios para j\u00f3venes, activistas y profesionales\u201d, dijo Maldonado.<\/p>\n<p>\u201cEsta generaci\u00f3n que se alz\u00f3 con los s\u00edmbolos de la paz no puede estancarse ni acomodarse. Que trasladen su vitalidad c\u00edvica al servicio p\u00fablico\u201d.<\/p>\n<p><strong>DE JUEZ A PRESIDENTE\u00a0<\/strong><br \/>\nLa Presidencia de Guatemala tom\u00f3 por sorpresa al abogado Alejandro Maldonado, de 79 a\u00f1os, quien hasta hace cuatro meses era magistrado titular de la Corte de Constitucionalidad, m\u00e1ximo tribunal del pa\u00eds centroamericano. Maldonado, quien era uno de los cinco magistrados titulares de la Corte de Constitucionalidad hasta hace 112 d\u00edas, se mantuvo al margen de la crisis pol\u00edtica que P\u00e9rez Molina afront\u00f3 durante los \u00faltimos meses. Hace una semana, el pol\u00edtico, diplom\u00e1tico, docente universitario y abogado asegur\u00f3 que no le exigi\u00f3 la renuncia al general retirado por \u201c\u00e9tica pol\u00edtica\u201d y porque se trataba de una decisi\u00f3n que es \u201cpersonal\u201d.<\/p>\n<\/div>\n<div><\/div>\n<p>&nbsp;<\/p>\n","protected":false},"excerpt":{"rendered":"<p>(Agencias) Guatemala El juez Miguel \u00c1ngel G\u00e1lvez orden\u00f3 ayer la prisi\u00f3n provisional del expresidente de Guatemala Otto P\u00e9rez Molina, acusado de liderar una red de defraudaci\u00f3n conocido como \u201cLa L\u00ednea\u201d. \u201cEsta es \u00fanicamente prisi\u00f3n provisional y no preventiva\u201d, aclar\u00f3 G\u00e1lvez en la primera audiencia del caso, y orden\u00f3 el traslado a una c\u00e1rcel en el [&hellip;]<\/p>\n","protected":false},"author":7,"featured_media":22935,"comment_status":"open","ping_status":"open","sticky":false,"template":"","format":"standard","meta":{"footnotes":""},"categories":[40,43],"tags":[],"class_list":["post-22934","post","type-post","status-publish","format-standard","has-post-thumbnail","hentry","category-internacionales","category-politica"],"_links":{"self":[{"href":"https:\/\/2horizontes.com\/index.php?rest_route=\/wp\/v2\/posts\/22934","targetHints":{"allow":["GET"]}}],"collection":[{"href":"https:\/\/2horizontes.com\/index.php?rest_route=\/wp\/v2\/posts"}],"about":[{"href":"https:\/\/2horizontes.com\/index.php?rest_route=\/wp\/v2\/types\/post"}],"author":[{"embeddable":true,"href":"https:\/\/2horizontes.com\/index.php?rest_route=\/wp\/v2\/users\/7"}],"replies":[{"embeddable":true,"href":"https:\/\/2horizontes.com\/index.php?rest_route=%2Fwp%2Fv2%2Fcomments&post=22934"}],"version-history":[{"count":1,"href":"https:\/\/2horizontes.com\/index.php?rest_route=\/wp\/v2\/posts\/22934\/revisions"}],"predecessor-version":[{"id":22936,"href":"https:\/\/2horizontes.com\/index.php?rest_route=\/wp\/v2\/posts\/22934\/revisions\/22936"}],"wp:featuredmedia":[{"embeddable":true,"href":"https:\/\/2horizontes.com\/index.php?rest_route=\/wp\/v2\/media\/22935"}],"wp:attachment":[{"href":"https:\/\/2horizontes.com\/index.php?rest_route=%2Fwp%2Fv2%2Fmedia&parent=22934"}],"wp:term":[{"taxonomy":"category","embeddable":true,"href":"https:\/\/2horizontes.com\/index.php?rest_route=%2Fwp%2Fv2%2Fcategories&post=22934"},{"taxonomy":"post_tag","embeddable":true,"href":"https:\/\/2horizontes.com\/index.php?rest_route=%2Fwp%2Fv2%2Ftags&post=22934"}],"curies":[{"name":"wp","href":"https:\/\/api.w.org\/{rel}","templated":true}]}}