{"id":22909,"date":"2015-09-03T18:57:07","date_gmt":"2015-09-03T17:57:07","guid":{"rendered":"http:\/\/2horizontes.com\/?p=22909"},"modified":"2015-09-03T18:57:07","modified_gmt":"2015-09-03T17:57:07","slug":"jefe-pn-suspende-varios-oficiales-en-funciones-y-lo-pone-a-disposicion-del-ministerio-publico","status":"publish","type":"post","link":"https:\/\/2horizontes.com\/?p=22909","title":{"rendered":"Jefe PN suspende varios oficiales en funciones y lo pone a disposici\u00f3n del Ministerio P\u00fablico"},"content":{"rendered":"<p>RD- SANTO DOMINGO-La Jefatura de la Polic\u00eda Nacional suspendi\u00f3 a varios oficiales y los puso a disposici\u00f3n del Ministerio P\u00fablico, a fin de que sean investigados en torno a la denuncia del se\u00f1or Nelson Guti\u00e9rrez, director del Consejo Nacional de Los Derechos Humanos, quien manifest\u00f3 que es amenazado de muerte.<\/p>\n<p>Los oficiales suspendidos son el coronel Osvaldo Bovanagua Pe\u00f1a, capit\u00e1n Jos\u00e9 Miguel Ad\u00f3n Javier y el segundo teniente Leonardo Moreta Arias.<\/p>\n<p>El mayor general Nelson Peguero Paredes, jefe de la Polic\u00eda Nacional, adopt\u00f3 la decisi\u00f3n por recomendaci\u00f3n de la Direcci\u00f3n Central de Asuntos Internos del cuerpo del orden.<\/p>\n<p>Al dar a conocer la informaci\u00f3n, a trav\u00e9s de un parte de prensa, precis\u00f3 que la disposici\u00f3n fue adoptada por el jefe policial para que el Ministerio P\u00fablico profundice las investigaciones.<\/p>\n<p>Guti\u00e9rrez denunci\u00f3 que recibe amenazas de muerte por la v\u00eda telef\u00f3nica y mediante correos electr\u00f3nicos, en los que es advertido que debe dejar de hacer denuncias sobre violaciones a los derechos humanos.<\/p>\n<p>El denunciante atribuye las amenazas a oficiales de la Polic\u00eda Nacional, debido a lo cual la Jefatura del cuerpo del orden remiti\u00f3 la investigaci\u00f3n al Ministerio P\u00fablico.<\/p>\n<p>&nbsp;<\/p>\n","protected":false},"excerpt":{"rendered":"<p>RD- SANTO DOMINGO-La Jefatura de la Polic\u00eda Nacional suspendi\u00f3 a varios oficiales y los puso a disposici\u00f3n del Ministerio P\u00fablico, a fin de que sean investigados en torno a la denuncia del se\u00f1or Nelson Guti\u00e9rrez, director del Consejo Nacional de Los Derechos Humanos, quien manifest\u00f3 que es amenazado de muerte. Los oficiales suspendidos son el [&hellip;]<\/p>\n","protected":false},"author":8,"featured_media":22910,"comment_status":"open","ping_status":"open","sticky":false,"template":"","format":"standard","meta":{"footnotes":""},"categories":[44],"tags":[],"class_list":["post-22909","post","type-post","status-publish","format-standard","has-post-thumbnail","hentry","category-republica-dominicana"],"_links":{"self":[{"href":"https:\/\/2horizontes.com\/index.php?rest_route=\/wp\/v2\/posts\/22909","targetHints":{"allow":["GET"]}}],"collection":[{"href":"https:\/\/2horizontes.com\/index.php?rest_route=\/wp\/v2\/posts"}],"about":[{"href":"https:\/\/2horizontes.com\/index.php?rest_route=\/wp\/v2\/types\/post"}],"author":[{"embeddable":true,"href":"https:\/\/2horizontes.com\/index.php?rest_route=\/wp\/v2\/users\/8"}],"replies":[{"embeddable":true,"href":"https:\/\/2horizontes.com\/index.php?rest_route=%2Fwp%2Fv2%2Fcomments&post=22909"}],"version-history":[{"count":1,"href":"https:\/\/2horizontes.com\/index.php?rest_route=\/wp\/v2\/posts\/22909\/revisions"}],"predecessor-version":[{"id":22911,"href":"https:\/\/2horizontes.com\/index.php?rest_route=\/wp\/v2\/posts\/22909\/revisions\/22911"}],"wp:featuredmedia":[{"embeddable":true,"href":"https:\/\/2horizontes.com\/index.php?rest_route=\/wp\/v2\/media\/22910"}],"wp:attachment":[{"href":"https:\/\/2horizontes.com\/index.php?rest_route=%2Fwp%2Fv2%2Fmedia&parent=22909"}],"wp:term":[{"taxonomy":"category","embeddable":true,"href":"https:\/\/2horizontes.com\/index.php?rest_route=%2Fwp%2Fv2%2Fcategories&post=22909"},{"taxonomy":"post_tag","embeddable":true,"href":"https:\/\/2horizontes.com\/index.php?rest_route=%2Fwp%2Fv2%2Ftags&post=22909"}],"curies":[{"name":"wp","href":"https:\/\/api.w.org\/{rel}","templated":true}]}}