{"id":22906,"date":"2015-09-03T18:49:29","date_gmt":"2015-09-03T17:49:29","guid":{"rendered":"http:\/\/2horizontes.com\/?p=22906"},"modified":"2015-09-03T18:49:29","modified_gmt":"2015-09-03T17:49:29","slug":"raul-mondesi-entrega-a-su-hijo-acusado-de-golpear-a-una-joven-en-san-cristobal","status":"publish","type":"post","link":"https:\/\/2horizontes.com\/?p=22906","title":{"rendered":"Ra\u00fal Mondes\u00ed entrega a su hijo, acusado de golpear a una joven en San Crist\u00f3bal"},"content":{"rendered":"<p><strong>RD-SAN CRIST\u00d3BAL<\/strong>&#8211; Se entreg\u00f3 la ma\u00f1ana de este jueves el hijo del alcalde de San Crist\u00f3bal, acusado de agredir una joven, seg\u00fan inform\u00f3 M\u00e1ximo B\u00e1ez Aybar, vocero de la Polic\u00eda Nacional.<\/p>\n<p>Agreg\u00f3 que Ra\u00fal Mondes\u00ed Junior se entreg\u00f3 acompa\u00f1ado de su padre y de inmediato ser\u00e1 puesto a disposici\u00f3n de la Fiscal\u00eda de esa demarcaci\u00f3n.<\/p>\n<p>El joven est\u00e1 acusado de romperle el brazo izquierdo a Scarlet Soriano producto de un botellazo mientras se encontraban compartiendo la madrugada del pasado viernes en la avenida Libertad de San Crist\u00f3bal.<\/p>\n<p>Anteriormente el vocero de la Polic\u00eda Nacional, M\u00e1ximo B\u00e1ez Aybar, hab\u00eda informado \u00a0que los abogados del hijo de Ra\u00fal Mondes\u00ed, as\u00ed como los representantes de la joven a la que \u00e9ste agredi\u00f3, habr\u00edan reunido para llegar a un acuerdo, pero que la instituci\u00f3n del orden a\u00fan estaba detr\u00e1s del imputado.<\/p>\n","protected":false},"excerpt":{"rendered":"<p>RD-SAN CRIST\u00d3BAL&#8211; Se entreg\u00f3 la ma\u00f1ana de este jueves el hijo del alcalde de San Crist\u00f3bal, acusado de agredir una joven, seg\u00fan inform\u00f3 M\u00e1ximo B\u00e1ez Aybar, vocero de la Polic\u00eda Nacional. Agreg\u00f3 que Ra\u00fal Mondes\u00ed Junior se entreg\u00f3 acompa\u00f1ado de su padre y de inmediato ser\u00e1 puesto a disposici\u00f3n de la Fiscal\u00eda de esa demarcaci\u00f3n. [&hellip;]<\/p>\n","protected":false},"author":8,"featured_media":22907,"comment_status":"open","ping_status":"open","sticky":false,"template":"","format":"standard","meta":{"footnotes":""},"categories":[53,44,45],"tags":[],"class_list":["post-22906","post","type-post","status-publish","format-standard","has-post-thumbnail","hentry","category-provincias","category-republica-dominicana","category-salud"],"_links":{"self":[{"href":"https:\/\/2horizontes.com\/index.php?rest_route=\/wp\/v2\/posts\/22906","targetHints":{"allow":["GET"]}}],"collection":[{"href":"https:\/\/2horizontes.com\/index.php?rest_route=\/wp\/v2\/posts"}],"about":[{"href":"https:\/\/2horizontes.com\/index.php?rest_route=\/wp\/v2\/types\/post"}],"author":[{"embeddable":true,"href":"https:\/\/2horizontes.com\/index.php?rest_route=\/wp\/v2\/users\/8"}],"replies":[{"embeddable":true,"href":"https:\/\/2horizontes.com\/index.php?rest_route=%2Fwp%2Fv2%2Fcomments&post=22906"}],"version-history":[{"count":1,"href":"https:\/\/2horizontes.com\/index.php?rest_route=\/wp\/v2\/posts\/22906\/revisions"}],"predecessor-version":[{"id":22908,"href":"https:\/\/2horizontes.com\/index.php?rest_route=\/wp\/v2\/posts\/22906\/revisions\/22908"}],"wp:featuredmedia":[{"embeddable":true,"href":"https:\/\/2horizontes.com\/index.php?rest_route=\/wp\/v2\/media\/22907"}],"wp:attachment":[{"href":"https:\/\/2horizontes.com\/index.php?rest_route=%2Fwp%2Fv2%2Fmedia&parent=22906"}],"wp:term":[{"taxonomy":"category","embeddable":true,"href":"https:\/\/2horizontes.com\/index.php?rest_route=%2Fwp%2Fv2%2Fcategories&post=22906"},{"taxonomy":"post_tag","embeddable":true,"href":"https:\/\/2horizontes.com\/index.php?rest_route=%2Fwp%2Fv2%2Ftags&post=22906"}],"curies":[{"name":"wp","href":"https:\/\/api.w.org\/{rel}","templated":true}]}}