{"id":22820,"date":"2015-09-03T15:05:47","date_gmt":"2015-09-03T14:05:47","guid":{"rendered":"http:\/\/2horizontes.com\/?p=22820"},"modified":"2015-09-03T15:05:47","modified_gmt":"2015-09-03T14:05:47","slug":"suspenderan-servicio-electrico-por-adecuacion-en-puerto-plata-rd","status":"publish","type":"post","link":"https:\/\/2horizontes.com\/?p=22820","title":{"rendered":"Suspender\u00e1n servicio el\u00e9ctrico por adecuaci\u00f3n en Puerto Plata RD"},"content":{"rendered":"<p><strong>RD-PUERTO PLATA.-<\/strong>\u00a0El servicio el\u00e9ctrico se ver\u00e1 interrumpido este viernes en Puerto Plata debido a los trabajos t\u00e9cnicos de la Empresa de Transmisi\u00f3n El\u00e9ctrica Dominicana, ( ETED ) hasta tanto culminen con la adecuaci\u00f3n en la subestaci\u00f3n Puerto Plata II.<\/p>\n<p>De acuerdo a los trabajos proyectados, en los lugares afectados no habr\u00e1 electricidad desde las 8:00de la ma\u00f1ana hasta las 5:00 de la tarde.<\/p>\n<p>Entre los lugares que el viernes de esta semana no habr\u00e1 energ\u00eda est\u00e1n la avenida Caama\u00f1o, las urbanizaciones Ginebra Arzeno, Las Olivas, Montemar, Ortega, Cambel\u00e9n y los sectores Los Dom\u00ednguez, Los Limones, Altos de Chav\u00f3n, Padre Las Casas, Los Bordas, Los Sufridos, Colinas del Sur, Cristo Rey, La Limonera, Buenos Aires, Los Mameyes y Los N\u00fa\u00f1ez.<\/p>\n<p>Asimismo avenida Manolo Tav\u00e1rez Justo y la urbanizaci\u00f3n Villa Progreso.<\/p>\n<p>Por igual, el centro de la ciudad, Cambel\u00e9n, Barrio Eduardo Brito, Los Cueto y Ensanche Miramar, Los Guandules, Barrio Invi, y el Malec\u00f3n.<\/p>\n<p>Otros lugares que en ese lapso del viernes no tendr\u00e1n energ\u00eda ser\u00e1n El Arenazo, ensanche Luper\u00f3n, Bayardo, Padre Granero, Bello Costero, Cantabria, Mari V\u00e1zquez, Sabana Grande, Los Reyes, Plaza Turisol, Cerros del Atl\u00e1ntico, Aros Carrau, Torre Alta y Los Maestros.<\/p>\n<p>Adem\u00e1s, las urbanizaciones Atl\u00e1ntica, Pelegr\u00edn, Pucamaima, Atl\u00e1ntica V Jardines del Atl\u00e1ntico, Costa Atl\u00e1ntica, Lorena II, Puerta Roja, Arboleda, Joel, Don Armando y Marapic\u00e1, Long Beach, y la avenida Luis Ginebra.<\/p>\n<p>Presentamos excusas por los inconvenientes que dichos trabajos provocar\u00e1n a los residentes y establecimientos comerciales localizados en esos lugares.<\/p>\n<p>&nbsp;<\/p>\n","protected":false},"excerpt":{"rendered":"<p>RD-PUERTO PLATA.-\u00a0El servicio el\u00e9ctrico se ver\u00e1 interrumpido este viernes en Puerto Plata debido a los trabajos t\u00e9cnicos de la Empresa de Transmisi\u00f3n El\u00e9ctrica Dominicana, ( ETED ) hasta tanto culminen con la adecuaci\u00f3n en la subestaci\u00f3n Puerto Plata II. De acuerdo a los trabajos proyectados, en los lugares afectados no habr\u00e1 electricidad desde las 8:00de [&hellip;]<\/p>\n","protected":false},"author":8,"featured_media":22822,"comment_status":"open","ping_status":"open","sticky":false,"template":"","format":"standard","meta":{"footnotes":""},"categories":[53,44],"tags":[],"class_list":["post-22820","post","type-post","status-publish","format-standard","has-post-thumbnail","hentry","category-provincias","category-republica-dominicana"],"_links":{"self":[{"href":"https:\/\/2horizontes.com\/index.php?rest_route=\/wp\/v2\/posts\/22820","targetHints":{"allow":["GET"]}}],"collection":[{"href":"https:\/\/2horizontes.com\/index.php?rest_route=\/wp\/v2\/posts"}],"about":[{"href":"https:\/\/2horizontes.com\/index.php?rest_route=\/wp\/v2\/types\/post"}],"author":[{"embeddable":true,"href":"https:\/\/2horizontes.com\/index.php?rest_route=\/wp\/v2\/users\/8"}],"replies":[{"embeddable":true,"href":"https:\/\/2horizontes.com\/index.php?rest_route=%2Fwp%2Fv2%2Fcomments&post=22820"}],"version-history":[{"count":1,"href":"https:\/\/2horizontes.com\/index.php?rest_route=\/wp\/v2\/posts\/22820\/revisions"}],"predecessor-version":[{"id":22823,"href":"https:\/\/2horizontes.com\/index.php?rest_route=\/wp\/v2\/posts\/22820\/revisions\/22823"}],"wp:featuredmedia":[{"embeddable":true,"href":"https:\/\/2horizontes.com\/index.php?rest_route=\/wp\/v2\/media\/22822"}],"wp:attachment":[{"href":"https:\/\/2horizontes.com\/index.php?rest_route=%2Fwp%2Fv2%2Fmedia&parent=22820"}],"wp:term":[{"taxonomy":"category","embeddable":true,"href":"https:\/\/2horizontes.com\/index.php?rest_route=%2Fwp%2Fv2%2Fcategories&post=22820"},{"taxonomy":"post_tag","embeddable":true,"href":"https:\/\/2horizontes.com\/index.php?rest_route=%2Fwp%2Fv2%2Ftags&post=22820"}],"curies":[{"name":"wp","href":"https:\/\/api.w.org\/{rel}","templated":true}]}}