{"id":22814,"date":"2015-09-03T10:14:36","date_gmt":"2015-09-03T09:14:36","guid":{"rendered":"http:\/\/2horizontes.com\/?p=22814"},"modified":"2015-09-03T10:14:36","modified_gmt":"2015-09-03T09:14:36","slug":"florentino-perez-pide-perdon-a-keylor-navas-en-valdebebas","status":"publish","type":"post","link":"https:\/\/2horizontes.com\/?p=22814","title":{"rendered":"Florentino P\u00e9rez pide perd\u00f3n a Keylor Navas en Valdebebas"},"content":{"rendered":"<p>Florentino P\u00e9rez, presidente del Real Madrid, y Jos\u00e9 \u00c1ngel S\u00e1nchez, director general, se reunieron este mi\u00e9rcoles con el portero costarricense Keylor Navas, su mujer y su representante para pedir perd\u00f3n al guardameta por no concretarse su traspaso al Manchester United, seg\u00fan desvel\u00f3 Cuatro.<\/p>\n<p>Keylor Navas no se incorporar\u00e1 a la concentraci\u00f3n de la selecci\u00f3n de Costa Rica, que le ha liberado de disputar un encuentro amistoso contra Brasil, y tras recibir la confianza de su t\u00e9cnico, Rafa Ben\u00edtez, el martes en la Ciudad Real Madrid, se reuni\u00f3 con Florentino P\u00e9rez.<\/p>\n<p>La misma fuente inform\u00f3 de que este mi\u00e9rcoles, en la ciudad deportiva de Valdebebas, Navas, acompa\u00f1ado de su esposa y su representante, Ricardo Caba\u00f1as, recibi\u00f3 el perd\u00f3n del presidente del club y del director general por todo lo ocurrido el lunes, cuando lleg\u00f3 a estar subido a un avi\u00f3n para viajar a Manchester, pasar un reconocimiento m\u00e9dico a \u00faltima hora y firmar un contrato que doblaba su sueldo, pero la operaci\u00f3n no se concret\u00f3 antes del cierre del mercado.<\/p>\n<p>En la reuni\u00f3n de esta ma\u00f1ana, el Real Madrid ha planteado la posibilidad de mejorar econ\u00f3micamente el contrato de Keylor Navas, mientras que el portero ha mostrado su compromiso con el club y sus deseos de triunfar en la casa blanca en un momento en el que es titular indiscutible para Rafa Ben\u00edtez, seg\u00fan Cuatro.<\/p>\n","protected":false},"excerpt":{"rendered":"<p>Florentino P\u00e9rez, presidente del Real Madrid, y Jos\u00e9 \u00c1ngel S\u00e1nchez, director general, se reunieron este mi\u00e9rcoles con el portero costarricense Keylor Navas, su mujer y su representante para pedir perd\u00f3n al guardameta por no concretarse su traspaso al Manchester United, seg\u00fan desvel\u00f3 Cuatro. Keylor Navas no se incorporar\u00e1 a la concentraci\u00f3n de la selecci\u00f3n de [&hellip;]<\/p>\n","protected":false},"author":3,"featured_media":22815,"comment_status":"open","ping_status":"open","sticky":false,"template":"","format":"standard","meta":{"footnotes":""},"categories":[42],"tags":[],"class_list":["post-22814","post","type-post","status-publish","format-standard","has-post-thumbnail","hentry","category-deportes"],"_links":{"self":[{"href":"https:\/\/2horizontes.com\/index.php?rest_route=\/wp\/v2\/posts\/22814","targetHints":{"allow":["GET"]}}],"collection":[{"href":"https:\/\/2horizontes.com\/index.php?rest_route=\/wp\/v2\/posts"}],"about":[{"href":"https:\/\/2horizontes.com\/index.php?rest_route=\/wp\/v2\/types\/post"}],"author":[{"embeddable":true,"href":"https:\/\/2horizontes.com\/index.php?rest_route=\/wp\/v2\/users\/3"}],"replies":[{"embeddable":true,"href":"https:\/\/2horizontes.com\/index.php?rest_route=%2Fwp%2Fv2%2Fcomments&post=22814"}],"version-history":[{"count":1,"href":"https:\/\/2horizontes.com\/index.php?rest_route=\/wp\/v2\/posts\/22814\/revisions"}],"predecessor-version":[{"id":22816,"href":"https:\/\/2horizontes.com\/index.php?rest_route=\/wp\/v2\/posts\/22814\/revisions\/22816"}],"wp:featuredmedia":[{"embeddable":true,"href":"https:\/\/2horizontes.com\/index.php?rest_route=\/wp\/v2\/media\/22815"}],"wp:attachment":[{"href":"https:\/\/2horizontes.com\/index.php?rest_route=%2Fwp%2Fv2%2Fmedia&parent=22814"}],"wp:term":[{"taxonomy":"category","embeddable":true,"href":"https:\/\/2horizontes.com\/index.php?rest_route=%2Fwp%2Fv2%2Fcategories&post=22814"},{"taxonomy":"post_tag","embeddable":true,"href":"https:\/\/2horizontes.com\/index.php?rest_route=%2Fwp%2Fv2%2Ftags&post=22814"}],"curies":[{"name":"wp","href":"https:\/\/api.w.org\/{rel}","templated":true}]}}