{"id":22712,"date":"2015-09-02T14:23:43","date_gmt":"2015-09-02T13:23:43","guid":{"rendered":"http:\/\/2horizontes.com\/?p=22712"},"modified":"2015-09-02T14:23:43","modified_gmt":"2015-09-02T13:23:43","slug":"presidente-de-colombia-anuncia-nueva-estrategia-en-crisis-con-venezuela","status":"publish","type":"post","link":"https:\/\/2horizontes.com\/?p=22712","title":{"rendered":"Presidente de Colombia anuncia nueva estrategia en crisis con Venezuela"},"content":{"rendered":"<div id=\"ArticleAuthorDiv\" class=\"article-body-author\"><b>AP<\/b><\/div>\n<div id=\"ArticleSourceDiv\" class=\"article-body-author\"><b>BOGOTA, Colombia<\/b><\/div>\n<div id=\"ArticleBody\">\n<p>El presidente Juan Manuel Santos anunci\u00f3 ayer que luego del rev\u00e9s sufrido la v\u00edspera en la OEA, su gobierno acudir\u00e1 a Naciones Unidas y a otros organismos internacionales para que escuchen las quejas de Colombia sobre los supuestos maltratos hacia miles de colombianos en la frontera con Venezuela luego que Caracas orden\u00f3 su expulsi\u00f3n.<\/p>\n<p>Por la ma\u00f1ana, la canciller colombiana Mar\u00eda \u00c1ngela Holgu\u00edn hab\u00eda expresado su sorpresa por la postura de Panam\u00e1 que, seg\u00fan dijo, cambi\u00f3 su voto en el \u00faltimo minuto.<\/p>\n<p>\u00abSeguiremos denunciando y reclamando por la dignidad y los derechos de los colombianos en cuantos escenarios sea posible\u00bb, como ante el secretario general de Naciones Unidas, el Alto Comisionado de Derechos Humanos, la Organizaci\u00f3n Internacional de Migraciones y la Comisi\u00f3n Interamericana de Derechos Humanos, explic\u00f3 el presidente en una alocuci\u00f3n televisada al pa\u00eds.<\/p>\n<p>Santos enfatiz\u00f3 que su gobierno hab\u00eda solicitado una reuni\u00f3n de urgencia ante la Unasur que, seg\u00fan \u00e9l, nunca se dio, por lo que su gobierno decidi\u00f3 desistir de ella.<\/p>\n<p>El jefe de Estado asegur\u00f3 que el fiscal colombiano Eduardo Montealegre le comunic\u00f3 que \u00abest\u00e1 considerando seriamente presentar una denuncia ante la Corte Penal Internacional contra miembros de la c\u00fapula civil y militar del gobierno venezolano que podr\u00edan ser responsables por cr\u00edmenes de lesa humanidad consagrados en el Estatuto de Roma\u00bb.<\/p>\n<p>En los \u00faltimos 13 d\u00edas m\u00e1s de 1.000 colombianos han sido expulsados o deportados de Venezuela y se calcula que otros 10.000 que resid\u00edan de forma irregular han abandonado el pa\u00eds por miedo a represalias.<\/p>\n<p>\u00abQuienes se comprometieron a apoyarnos cambiaron el voto\u00bb, lament\u00f3. En un intento por aclarar su voto, el gobierno del centrista Juan Carlos Varela plante\u00f3 que un escenario polarizado no ayudar\u00eda en nada a la crisis colombo-venezolana.<\/p>\n<p>\u00abPanam\u00e1 considera que en este tipo de conflicto la b\u00fasqueda de consenso es la v\u00eda correcta, no la polarizaci\u00f3n ni la divisi\u00f3n\u00bb, se\u00f1al\u00f3 la Canciller\u00eda paname\u00f1a.<\/p>\n<p>El secretario general, el expresidente colombiano Ernesto Samper, indic\u00f3 en su cuenta de Twitter que el organismo internacional \u00abpropondr\u00e1 en la Reuni\u00f3n de Cancilleres Comisi\u00f3n Regional de verificaci\u00f3n y garant\u00eda de DDHH en frontera colombo-venezolana\u00bb.<\/p>\n<p>Las relaciones entre Caracas y Bogot\u00e1 entraron en crisis luego que el presidente venezolano Nicol\u00e1s Maduro resolvi\u00f3 a partir del 20 de agosto el cierre de algunos pasos fronterizos en T\u00e1chira a ra\u00edz del ataque que sufrieron tres militares y un conductor civil cuando realizaban actividades de combate al contrabando.<\/p>\n<p>Ambos gobiernos llamaron el 27 de agosto a consultas a sus respectivos embajadores.<\/p>\n<p>El martes entr\u00f3 en vigencia un decreto del presidente Maduro que extendi\u00f3 el estado de excepci\u00f3n a cuatro municipios fronterizos de T\u00e1chira, con lo que llegaron a 10 las localidades en tal situaci\u00f3n por 60 d\u00edas, prorrogable por otros dos meses.<\/p>\n<p>Ello implica la suspensi\u00f3n de algunas garant\u00edas constitucionales como la de reuni\u00f3n, manifestaci\u00f3n en las calles, inviolabilidad del hogar y las comunicaciones, el libre tr\u00e1nsito y la libertad para dedicarse a cualquier actividad econ\u00f3mica.<\/p>\n<p>El presidente de la Asamblea Nacional de Venezuela, el diputado oficialista Diosdado Cabello, afirm\u00f3 el martes que al gobierno colombiano \u00abno le interesa\u00bb llegar a una soluci\u00f3n ante la crisis que enfrentan las relaciones para as\u00ed favorecer a sus nacionales que pasan todos los d\u00edas para el lado venezolano.<\/p>\n<p>Durante una visita al estado suroccidental del T\u00e1chira, Cabello dijo a la prensa que \u00abda tristeza\u00bb que Colombia haya mandado a su embajador en la OEA a decir \u00abmentiras\u00bb.<\/p>\n<p>Expres\u00f3 que \u00abno hay ninguna diferencia\u00bb entre Santos y su antecesor \u00c1lvaro Uribe, y sostuvo que \u00abes como que estuviera gobernando Uribe en Colombia, que es enemigo de la paz de toda Am\u00e9rica\u00bb.<\/p>\n<p>En tanto, la oposici\u00f3n colombiana, encabezada por el partido de Uribe (2002-2010), ha pedido la dimisi\u00f3n de Holgu\u00edn ante lo que consider\u00f3 una \u00abpobre\u00bb defensa de los colombianos, escribi\u00f3 en Twitter el senador uribista Alfredo Rangel.<\/p>\n<\/div>\n","protected":false},"excerpt":{"rendered":"<p>AP BOGOTA, Colombia El presidente Juan Manuel Santos anunci\u00f3 ayer que luego del rev\u00e9s sufrido la v\u00edspera en la OEA, su gobierno acudir\u00e1 a Naciones Unidas y a otros organismos internacionales para que escuchen las quejas de Colombia sobre los supuestos maltratos hacia miles de colombianos en la frontera con Venezuela luego que Caracas orden\u00f3 [&hellip;]<\/p>\n","protected":false},"author":7,"featured_media":22713,"comment_status":"open","ping_status":"open","sticky":false,"template":"","format":"standard","meta":{"footnotes":""},"categories":[50,54,40,43,48],"tags":[],"class_list":["post-22712","post","type-post","status-publish","format-standard","has-post-thumbnail","hentry","category-colombia","category-emigrantes","category-internacionales","category-politica","category-venezuela"],"_links":{"self":[{"href":"https:\/\/2horizontes.com\/index.php?rest_route=\/wp\/v2\/posts\/22712","targetHints":{"allow":["GET"]}}],"collection":[{"href":"https:\/\/2horizontes.com\/index.php?rest_route=\/wp\/v2\/posts"}],"about":[{"href":"https:\/\/2horizontes.com\/index.php?rest_route=\/wp\/v2\/types\/post"}],"author":[{"embeddable":true,"href":"https:\/\/2horizontes.com\/index.php?rest_route=\/wp\/v2\/users\/7"}],"replies":[{"embeddable":true,"href":"https:\/\/2horizontes.com\/index.php?rest_route=%2Fwp%2Fv2%2Fcomments&post=22712"}],"version-history":[{"count":1,"href":"https:\/\/2horizontes.com\/index.php?rest_route=\/wp\/v2\/posts\/22712\/revisions"}],"predecessor-version":[{"id":22714,"href":"https:\/\/2horizontes.com\/index.php?rest_route=\/wp\/v2\/posts\/22712\/revisions\/22714"}],"wp:featuredmedia":[{"embeddable":true,"href":"https:\/\/2horizontes.com\/index.php?rest_route=\/wp\/v2\/media\/22713"}],"wp:attachment":[{"href":"https:\/\/2horizontes.com\/index.php?rest_route=%2Fwp%2Fv2%2Fmedia&parent=22712"}],"wp:term":[{"taxonomy":"category","embeddable":true,"href":"https:\/\/2horizontes.com\/index.php?rest_route=%2Fwp%2Fv2%2Fcategories&post=22712"},{"taxonomy":"post_tag","embeddable":true,"href":"https:\/\/2horizontes.com\/index.php?rest_route=%2Fwp%2Fv2%2Ftags&post=22712"}],"curies":[{"name":"wp","href":"https:\/\/api.w.org\/{rel}","templated":true}]}}