{"id":22623,"date":"2015-09-02T02:48:10","date_gmt":"2015-09-02T01:48:10","guid":{"rendered":"http:\/\/2horizontes.com\/?p=22623"},"modified":"2015-09-02T02:48:10","modified_gmt":"2015-09-02T01:48:10","slug":"tres-muertos-y-cuatro-heridos-en-accidente-en-san-juan-rd","status":"publish","type":"post","link":"https:\/\/2horizontes.com\/?p=22623","title":{"rendered":"Tres muertos y cuatro heridos en accidente en San Juan RD"},"content":{"rendered":"<p>RD- SAN JUAN-Tres muertos y cuatro heridos fue \u00a0el resultado de un aparatoso accidente ocurrido en la carretera San Juan-Vallejuelo. Las v\u00edctimasse desplazaban en un carro en horas de la noche.<\/p>\n<p>Los fallecidos fueron identificados como Kelvin Fuentes y Eduardo Bid\u00f3, \u00a0ambos empleados de la compa\u00f1\u00eda Sky, y una mujer solo identificada como Leidy.<\/p>\n<p>Los heridos est\u00e1n siendo atendidos en Hospital Doctor \u00a0Alejandro Cabral, mientras que los cad\u00e1veres fueron llevados a Patolog\u00eda Forense de Azua.<\/p>\n<p>No se inform\u00f3 mayores detalles de c\u00f3mo sucedi\u00f3 el hecho.<\/p>\n<p>&nbsp;<\/p>\n","protected":false},"excerpt":{"rendered":"<p>RD- SAN JUAN-Tres muertos y cuatro heridos fue \u00a0el resultado de un aparatoso accidente ocurrido en la carretera San Juan-Vallejuelo. Las v\u00edctimasse desplazaban en un carro en horas de la noche. Los fallecidos fueron identificados como Kelvin Fuentes y Eduardo Bid\u00f3, \u00a0ambos empleados de la compa\u00f1\u00eda Sky, y una mujer solo identificada como Leidy. Los [&hellip;]<\/p>\n","protected":false},"author":8,"featured_media":22624,"comment_status":"open","ping_status":"open","sticky":false,"template":"","format":"standard","meta":{"footnotes":""},"categories":[53,44],"tags":[],"class_list":["post-22623","post","type-post","status-publish","format-standard","has-post-thumbnail","hentry","category-provincias","category-republica-dominicana"],"_links":{"self":[{"href":"https:\/\/2horizontes.com\/index.php?rest_route=\/wp\/v2\/posts\/22623","targetHints":{"allow":["GET"]}}],"collection":[{"href":"https:\/\/2horizontes.com\/index.php?rest_route=\/wp\/v2\/posts"}],"about":[{"href":"https:\/\/2horizontes.com\/index.php?rest_route=\/wp\/v2\/types\/post"}],"author":[{"embeddable":true,"href":"https:\/\/2horizontes.com\/index.php?rest_route=\/wp\/v2\/users\/8"}],"replies":[{"embeddable":true,"href":"https:\/\/2horizontes.com\/index.php?rest_route=%2Fwp%2Fv2%2Fcomments&post=22623"}],"version-history":[{"count":1,"href":"https:\/\/2horizontes.com\/index.php?rest_route=\/wp\/v2\/posts\/22623\/revisions"}],"predecessor-version":[{"id":22625,"href":"https:\/\/2horizontes.com\/index.php?rest_route=\/wp\/v2\/posts\/22623\/revisions\/22625"}],"wp:featuredmedia":[{"embeddable":true,"href":"https:\/\/2horizontes.com\/index.php?rest_route=\/wp\/v2\/media\/22624"}],"wp:attachment":[{"href":"https:\/\/2horizontes.com\/index.php?rest_route=%2Fwp%2Fv2%2Fmedia&parent=22623"}],"wp:term":[{"taxonomy":"category","embeddable":true,"href":"https:\/\/2horizontes.com\/index.php?rest_route=%2Fwp%2Fv2%2Fcategories&post=22623"},{"taxonomy":"post_tag","embeddable":true,"href":"https:\/\/2horizontes.com\/index.php?rest_route=%2Fwp%2Fv2%2Ftags&post=22623"}],"curies":[{"name":"wp","href":"https:\/\/api.w.org\/{rel}","templated":true}]}}