{"id":22619,"date":"2015-09-02T02:45:06","date_gmt":"2015-09-02T01:45:06","guid":{"rendered":"http:\/\/2horizontes.com\/?p=22619"},"modified":"2015-09-02T02:45:06","modified_gmt":"2015-09-02T01:45:06","slug":"muere-el-padre-de-alfredo-pacheco","status":"publish","type":"post","link":"https:\/\/2horizontes.com\/?p=22619","title":{"rendered":"Muere el padre de Alfredo Pacheco"},"content":{"rendered":"<p><span lang=\"ES\">RD- SANTO DOMINGO-Falleci\u00f3 este martes el padre del expresidente de la C\u00e1mara de Diputados y dirigente del Partido Revolucionario Moderno (PRM), Alfredo Pacheco.<\/span><\/p>\n<p><span lang=\"ES\">El pol\u00edtico dio a conocer la informaci\u00f3n a trav\u00e9s de su cuenta de Twitter.<\/span><\/p>\n<p><span lang=\"ES\">Dijo \u00a0que los restos de Juan Cruz Pacheco ser\u00e1n expuestos en la Funeraria Blandino, de la Abraham Lincoln, \u00a0en la ma\u00f1ana de este mi\u00e9rcoles.<\/span><\/p>\n<p><span lang=\"ES\">\u00abPido a nuestro creador que a toda la familia nos d\u00e9 la paz necesaria para soportar el dolor que nos produce tan sensible p\u00e9rdida\u00bb, dijo.<\/span><\/p>\n<p><span lang=\"ES\">De igual modo, ponder\u00f3 las cualidades de su progenitor, de quien quien dijo que fue un gran ejemplo, que les ense\u00f1\u00f3 el valor del trabajo y la honestidad.<\/span><\/p>\n<p>&nbsp;<\/p>\n","protected":false},"excerpt":{"rendered":"<p>RD- SANTO DOMINGO-Falleci\u00f3 este martes el padre del expresidente de la C\u00e1mara de Diputados y dirigente del Partido Revolucionario Moderno (PRM), Alfredo Pacheco. El pol\u00edtico dio a conocer la informaci\u00f3n a trav\u00e9s de su cuenta de Twitter. Dijo \u00a0que los restos de Juan Cruz Pacheco ser\u00e1n expuestos en la Funeraria Blandino, de la Abraham Lincoln, [&hellip;]<\/p>\n","protected":false},"author":8,"featured_media":22621,"comment_status":"open","ping_status":"open","sticky":false,"template":"","format":"standard","meta":{"footnotes":""},"categories":[44],"tags":[],"class_list":["post-22619","post","type-post","status-publish","format-standard","has-post-thumbnail","hentry","category-republica-dominicana"],"_links":{"self":[{"href":"https:\/\/2horizontes.com\/index.php?rest_route=\/wp\/v2\/posts\/22619","targetHints":{"allow":["GET"]}}],"collection":[{"href":"https:\/\/2horizontes.com\/index.php?rest_route=\/wp\/v2\/posts"}],"about":[{"href":"https:\/\/2horizontes.com\/index.php?rest_route=\/wp\/v2\/types\/post"}],"author":[{"embeddable":true,"href":"https:\/\/2horizontes.com\/index.php?rest_route=\/wp\/v2\/users\/8"}],"replies":[{"embeddable":true,"href":"https:\/\/2horizontes.com\/index.php?rest_route=%2Fwp%2Fv2%2Fcomments&post=22619"}],"version-history":[{"count":1,"href":"https:\/\/2horizontes.com\/index.php?rest_route=\/wp\/v2\/posts\/22619\/revisions"}],"predecessor-version":[{"id":22622,"href":"https:\/\/2horizontes.com\/index.php?rest_route=\/wp\/v2\/posts\/22619\/revisions\/22622"}],"wp:featuredmedia":[{"embeddable":true,"href":"https:\/\/2horizontes.com\/index.php?rest_route=\/wp\/v2\/media\/22621"}],"wp:attachment":[{"href":"https:\/\/2horizontes.com\/index.php?rest_route=%2Fwp%2Fv2%2Fmedia&parent=22619"}],"wp:term":[{"taxonomy":"category","embeddable":true,"href":"https:\/\/2horizontes.com\/index.php?rest_route=%2Fwp%2Fv2%2Fcategories&post=22619"},{"taxonomy":"post_tag","embeddable":true,"href":"https:\/\/2horizontes.com\/index.php?rest_route=%2Fwp%2Fv2%2Ftags&post=22619"}],"curies":[{"name":"wp","href":"https:\/\/api.w.org\/{rel}","templated":true}]}}