{"id":22614,"date":"2015-09-01T20:49:54","date_gmt":"2015-09-01T19:49:54","guid":{"rendered":"http:\/\/2horizontes.com\/?p=22614"},"modified":"2015-09-01T20:54:54","modified_gmt":"2015-09-01T19:54:54","slug":"el-obispado-de-cadiz-vuelve-a-denegar-la-posibilidad-de-ser-padrino-a-un-transexual","status":"publish","type":"post","link":"https:\/\/2horizontes.com\/?p=22614","title":{"rendered":"El obispado de C\u00e1diz vuelve a denegar la posibilidad de ser padrino a un transexual"},"content":{"rendered":"<p>CADIZ-Una vez m\u00e1s, Alex Salinas recibe una bofetada de la <strong>Iglesia Cat\u00f3lica<\/strong>de la que forma parte. El <strong>Obispado de C\u00e1diz<\/strong> le ha comunicado, <a href=\"http:\/\/www.elmundo.es\/andalucia\/2015\/07\/27\/55b6515b46163f831b8b4597.html\" target=\"_blank\">como ya hizo a finales de julio<\/a>, que no podr\u00e1 ser padrino en el bautizo de su sobrino por su condici\u00f3n de transexual. Y eso a pesar de que \u00e9l cre\u00eda que ya se lo <a href=\"http:\/\/www.elmundo.es\/espana\/2015\/08\/06\/55c38241e2704eb3468b458f.html\" target=\"_blank\">hab\u00edan aprobado<\/a>.<\/p>\n<p>\u00abMe han puesto el caramelo en la boca. Me siento utilizado y enga\u00f1ado por mi propia Iglesia\u00bb, asegura \u00c1lex, de 21 a\u00f1os, en declaraciones a este peri\u00f3dico. \u00abMi hermana ya me ha dicho que como esto sea verdad no bautizar\u00e1 a su hija\u00bb, afirma.<\/p>\n<p>El Obispado de C\u00e1diz ha asegurado, a trav\u00e9s de un comunicado, que esta decisi\u00f3n se produce tras consultarlo con la <strong>Congregaci\u00f3n para la Doctrina de la Fe<\/strong>, cuya respuesta fue que \u00abes imposible que se le admita\u00bb como padrino. Y todo esto porque, seg\u00fan este organismo religioso, \u00abel mismo comportamiento transexual revela de manera p\u00fablica una actitud opuesta a la exigencia moral de resolver el propio problema de identidad sexual seg\u00fan la verdad del propio sexo\u00bb. Es decir, que \u00abla moral\u00bb deber\u00eda hacerle aceptar un cuerpo y un g\u00e9nero con el que \u00c1lex naci\u00f3 y que no siente como suyos.<\/p>\n<p>\u00abMe est\u00e1n alejando de la <strong>Iglesia<\/strong>, ya no me espero nada de ellos\u00bb, asegura el joven gaditano que ha acudido toda su vida a misa e incluso ha formado parte de hermandades y bandas parroquiales.<\/p>\n<p>La Congregaci\u00f3n para la Doctrina de la Fe no ve en la negativa a permitirle apadrinar a su sobrino, sin embargo, una discriminaci\u00f3n, ya que considera evidente una \u00abfalta de requisitos necesarios para asumir la responsabilidad eclesial de ser padrino\u00bb. El argumento que esgrimen tanto la Congregaci\u00f3n como el Obispado es que \u00c1lex no lleva una <strong>vida congruente con el estilo de vida cristiano<\/strong> por su condici\u00f3n de transexual.<\/p>\n<p>En el comunicado del Obispado de C\u00e1diz se insiste en que el Papa Francisco, \u00aben continuidad con el Magisterio de la Iglesia\u00bb, ha \u00abrepetido en varias ocasiones\u00bb que la transexualidad \u00abes contraria a la naturaleza del hombre\u00bb. Tambi\u00e9n hace referencia a la \u00faltima enc\u00edclica del Papa Francisco, en la que se puede leer que \u00abel hombre posee una naturaleza que debe respetar y que no puede manejar a su antojo\u00bb.<\/p>\n<p>\u00abMe aseguran que los padrinos tienen que ser buenas almas cristianas. Pero \u00bfqu\u00e9 pasa con ellos? Han mentido a Espa\u00f1a entera para contener la pol\u00e9mica\u00bb, denuncia \u00c1lex. Se refiere a la presi\u00f3n medi\u00e1tica que se gener\u00f3 a trav\u00e9s de una informaci\u00f3n publicada en este peri\u00f3dico donde se desvelaba que un bolet\u00edn eclesi\u00e1stico aseguraba que la transexualidad \u00ab<a href=\"http:\/\/www.elmundo.es\/espana\/2015\/08\/05\/55bbd66522601d71248b4585.html\" target=\"_blank\">incapacita para los derechos y la vida del amor<\/a>\u00ab.<\/p>\n<p>\u00abCuando estaba yendo a la parroquia para coger fecha para el bautizo me ha llamado 10 veces el obispo de C\u00e1diz desde un n\u00famero oculto. No quieren darme nada por escrito para poder desmentir luego cualquier cosa\u00bb, denuncia el joven. \u00abHan querido tenerme tranquilo todo agosto para que no les amargara el verano\u00bb, lamenta.<\/p>\n<p>EL: MUNDO<\/p>\n","protected":false},"excerpt":{"rendered":"<p>CADIZ-Una vez m\u00e1s, Alex Salinas recibe una bofetada de la Iglesia Cat\u00f3licade la que forma parte. El Obispado de C\u00e1diz le ha comunicado, como ya hizo a finales de julio, que no podr\u00e1 ser padrino en el bautizo de su sobrino por su condici\u00f3n de transexual. Y eso a pesar de que \u00e9l cre\u00eda que [&hellip;]<\/p>\n","protected":false},"author":8,"featured_media":22615,"comment_status":"open","ping_status":"open","sticky":false,"template":"","format":"standard","meta":{"footnotes":""},"categories":[85,40,57],"tags":[],"class_list":["post-22614","post","type-post","status-publish","format-standard","has-post-thumbnail","hentry","category-espana","category-internacionales","category-mundo-gay"],"_links":{"self":[{"href":"https:\/\/2horizontes.com\/index.php?rest_route=\/wp\/v2\/posts\/22614","targetHints":{"allow":["GET"]}}],"collection":[{"href":"https:\/\/2horizontes.com\/index.php?rest_route=\/wp\/v2\/posts"}],"about":[{"href":"https:\/\/2horizontes.com\/index.php?rest_route=\/wp\/v2\/types\/post"}],"author":[{"embeddable":true,"href":"https:\/\/2horizontes.com\/index.php?rest_route=\/wp\/v2\/users\/8"}],"replies":[{"embeddable":true,"href":"https:\/\/2horizontes.com\/index.php?rest_route=%2Fwp%2Fv2%2Fcomments&post=22614"}],"version-history":[{"count":1,"href":"https:\/\/2horizontes.com\/index.php?rest_route=\/wp\/v2\/posts\/22614\/revisions"}],"predecessor-version":[{"id":22616,"href":"https:\/\/2horizontes.com\/index.php?rest_route=\/wp\/v2\/posts\/22614\/revisions\/22616"}],"wp:featuredmedia":[{"embeddable":true,"href":"https:\/\/2horizontes.com\/index.php?rest_route=\/wp\/v2\/media\/22615"}],"wp:attachment":[{"href":"https:\/\/2horizontes.com\/index.php?rest_route=%2Fwp%2Fv2%2Fmedia&parent=22614"}],"wp:term":[{"taxonomy":"category","embeddable":true,"href":"https:\/\/2horizontes.com\/index.php?rest_route=%2Fwp%2Fv2%2Fcategories&post=22614"},{"taxonomy":"post_tag","embeddable":true,"href":"https:\/\/2horizontes.com\/index.php?rest_route=%2Fwp%2Fv2%2Ftags&post=22614"}],"curies":[{"name":"wp","href":"https:\/\/api.w.org\/{rel}","templated":true}]}}