{"id":22538,"date":"2015-09-01T17:04:07","date_gmt":"2015-09-01T16:04:07","guid":{"rendered":"http:\/\/2horizontes.com\/?p=22538"},"modified":"2015-09-01T17:04:08","modified_gmt":"2015-09-01T16:04:08","slug":"derrotan-en-la-oea-propuesta-de-bogota-sobre-crisis-en-la-frontera-con-venezuela","status":"publish","type":"post","link":"https:\/\/2horizontes.com\/?p=22538","title":{"rendered":"Derrotan en la OEA propuesta de Bogot\u00e1 sobre crisis en la frontera con Venezuela"},"content":{"rendered":"<div id=\"ArticleAuthorDiv\" class=\"article-body-author\"><b>AP<\/b><\/div>\n<div id=\"ArticleSourceDiv\" class=\"article-body-author\"><b>Bogot\u00e1<\/b><\/div>\n<div id=\"ArticleBody\">\n<p>Una propuesta de Colombia en la OEA para convocar a una reuni\u00f3n de cancilleres de los pa\u00edses miembros con el fin de tratar la crisis en la frontera con Venezuela fue derrotada ayer lunes por un solo voto.<\/p>\n<p>En la sede de la OEA en Washington, la propuesta colombiana obtuvo 17 votos a favor, cinco en contra, 11 abstenciones y un pa\u00eds ausente. A la propuesta le falt\u00f3 un voto para la mayor\u00eda requerida, por lo cual fue desestimada.<\/p>\n<p>Tras la votaci\u00f3n, el embajador colombiano en la OEA, Andr\u00e9s Gonz\u00e1lez, dijo que su pa\u00eds acudir\u00e1 a otras instancias internacionales y utilizar\u00e1 otros instrumentos para hacer entender el problema con Venezuela.<\/p>\n<p>La canciller colombiana Mar\u00eda \u00c1ngela Holgu\u00edn, en rueda de prensa, sostuvo que con la decisi\u00f3n de la jornada perdieron el continente y tambi\u00e9n la OEA por haberle dicho no a un debate tan importante para los derechos humanos.<\/p>\n<p>Previamente, tanto Colombia como Venezuela hab\u00edan expuesto en la OEA sus puntos de vista sobre el porqu\u00e9 del cierre desde hace m\u00e1s de una semana de la frontera entre los dos pa\u00edses luego de que presuntos contrabandistas colombianos hirieron a tres militares de la guardia venezolana.<\/p>\n<p>Gonz\u00e1lez sostuvo que su pa\u00eds estaba indignado con el supuesto maltrato que Venezuela les estaba dando a m\u00e1s de un millar de sus compatriotas que viven en los municipios fronterizos. Desde el momento en que Maduro cerr\u00f3 la frontera, seg\u00fan cifras oficiales, 1,097 colombianos han sido deportados o expulsados de Venezuela.<\/p>\n<p>El embajador venezolano Roy Ch\u00e1derton hab\u00eda defendido la pol\u00e9mica decisi\u00f3n de las deportaciones con un constante argumento: en Venezuela viven actualmente 5.5 millones de colombianos. Al decir del diplom\u00e1tico, los recientes operativos de deportaci\u00f3n no fueron dirigidos contra los colombianos de bien, sino contra delincuentes.<\/p>\n<p><strong>(+) CARACAS INICIA CENSOS EN LA FRONTERA <\/strong><br \/>\nEl gobierno venezolano inici\u00f3 un censo en municipios fronterizos en los que se mantiene un cierre indefinido de la frontera con Colombia y donde persiste el estado de excepci\u00f3n decretado por el presidente Nicol\u00e1s Maduro, seg\u00fan la gaceta oficial divulgada ayer lunes. \u201cSe crea el Registro \u00danico para la Restituci\u00f3n de los Derechos Sociales y Econ\u00f3micos en la Frontera, con la finalidad de recabar y proporcionar informaci\u00f3n actualizada (&#8230;) la cual permitir\u00e1 elaborar estad\u00edsticas oportunas y confiables que orienten la toma de decisiones\u201d, dice el decreto.<\/p>\n<\/div>\n<div><\/div>\n<p>&nbsp;<\/p>\n","protected":false},"excerpt":{"rendered":"<p>AP Bogot\u00e1 Una propuesta de Colombia en la OEA para convocar a una reuni\u00f3n de cancilleres de los pa\u00edses miembros con el fin de tratar la crisis en la frontera con Venezuela fue derrotada ayer lunes por un solo voto. En la sede de la OEA en Washington, la propuesta colombiana obtuvo 17 votos a [&hellip;]<\/p>\n","protected":false},"author":7,"featured_media":22539,"comment_status":"open","ping_status":"open","sticky":false,"template":"","format":"standard","meta":{"footnotes":""},"categories":[50,40,43,48],"tags":[],"class_list":["post-22538","post","type-post","status-publish","format-standard","has-post-thumbnail","hentry","category-colombia","category-internacionales","category-politica","category-venezuela"],"_links":{"self":[{"href":"https:\/\/2horizontes.com\/index.php?rest_route=\/wp\/v2\/posts\/22538","targetHints":{"allow":["GET"]}}],"collection":[{"href":"https:\/\/2horizontes.com\/index.php?rest_route=\/wp\/v2\/posts"}],"about":[{"href":"https:\/\/2horizontes.com\/index.php?rest_route=\/wp\/v2\/types\/post"}],"author":[{"embeddable":true,"href":"https:\/\/2horizontes.com\/index.php?rest_route=\/wp\/v2\/users\/7"}],"replies":[{"embeddable":true,"href":"https:\/\/2horizontes.com\/index.php?rest_route=%2Fwp%2Fv2%2Fcomments&post=22538"}],"version-history":[{"count":1,"href":"https:\/\/2horizontes.com\/index.php?rest_route=\/wp\/v2\/posts\/22538\/revisions"}],"predecessor-version":[{"id":22540,"href":"https:\/\/2horizontes.com\/index.php?rest_route=\/wp\/v2\/posts\/22538\/revisions\/22540"}],"wp:featuredmedia":[{"embeddable":true,"href":"https:\/\/2horizontes.com\/index.php?rest_route=\/wp\/v2\/media\/22539"}],"wp:attachment":[{"href":"https:\/\/2horizontes.com\/index.php?rest_route=%2Fwp%2Fv2%2Fmedia&parent=22538"}],"wp:term":[{"taxonomy":"category","embeddable":true,"href":"https:\/\/2horizontes.com\/index.php?rest_route=%2Fwp%2Fv2%2Fcategories&post=22538"},{"taxonomy":"post_tag","embeddable":true,"href":"https:\/\/2horizontes.com\/index.php?rest_route=%2Fwp%2Fv2%2Ftags&post=22538"}],"curies":[{"name":"wp","href":"https:\/\/api.w.org\/{rel}","templated":true}]}}