{"id":22535,"date":"2015-09-01T16:56:15","date_gmt":"2015-09-01T15:56:15","guid":{"rendered":"http:\/\/2horizontes.com\/?p=22535"},"modified":"2015-09-01T16:56:15","modified_gmt":"2015-09-01T15:56:15","slug":"funeral-del-exnuncio-acusado-de-abuso-sexual-de-menores-en-r-d-fue-sin-una-homilia","status":"publish","type":"post","link":"https:\/\/2horizontes.com\/?p=22535","title":{"rendered":"Funeral del exnuncio acusado de abuso sexual de menores en R.D. fue sin una homil\u00eda"},"content":{"rendered":"<div id=\"ArticleAuthorDiv\" class=\"article-body-author\"><b>AP<\/b><\/div>\n<div id=\"ArticleSourceDiv\" class=\"article-body-author\"><b>El Vaticano<\/b><\/div>\n<div id=\"ArticleBody\">\n<p>Ocho minutos de silencio en vez de una homil\u00eda marcaron ayer lunes el funeral en el Vaticano de un exnuncio papal, cuyo juicio por cargos de posesi\u00f3n de pornograf\u00eda infantil y abuso sexual de menores en Rep\u00fablica Dominicana hab\u00eda comenzado en julio en una corte de la Santa Sede.<\/p>\n<p>El padre Ciro Benedettini, vocero del Vaticano, dijo que se dio tiempo para la reflexi\u00f3n en silencio tras una lectura de la biblia en el funeral de Jozef Wesolowski ayer lunes en una capilla en un edificio administrativo del Vaticano.<\/p>\n<p>Seg\u00fan resultados preliminares de la autopsia, la Santa Sede dijo que Wesolowski, de 67 a\u00f1os, muri\u00f3 por un infarto en su habitaci\u00f3n en el Vaticano el 27 de agosto.<\/p>\n<\/div>\n","protected":false},"excerpt":{"rendered":"<p>AP El Vaticano Ocho minutos de silencio en vez de una homil\u00eda marcaron ayer lunes el funeral en el Vaticano de un exnuncio papal, cuyo juicio por cargos de posesi\u00f3n de pornograf\u00eda infantil y abuso sexual de menores en Rep\u00fablica Dominicana hab\u00eda comenzado en julio en una corte de la Santa Sede. El padre Ciro [&hellip;]<\/p>\n","protected":false},"author":7,"featured_media":22536,"comment_status":"open","ping_status":"open","sticky":false,"template":"","format":"standard","meta":{"footnotes":""},"categories":[86,40,44],"tags":[],"class_list":["post-22535","post","type-post","status-publish","format-standard","has-post-thumbnail","hentry","category-europa","category-internacionales","category-republica-dominicana"],"_links":{"self":[{"href":"https:\/\/2horizontes.com\/index.php?rest_route=\/wp\/v2\/posts\/22535","targetHints":{"allow":["GET"]}}],"collection":[{"href":"https:\/\/2horizontes.com\/index.php?rest_route=\/wp\/v2\/posts"}],"about":[{"href":"https:\/\/2horizontes.com\/index.php?rest_route=\/wp\/v2\/types\/post"}],"author":[{"embeddable":true,"href":"https:\/\/2horizontes.com\/index.php?rest_route=\/wp\/v2\/users\/7"}],"replies":[{"embeddable":true,"href":"https:\/\/2horizontes.com\/index.php?rest_route=%2Fwp%2Fv2%2Fcomments&post=22535"}],"version-history":[{"count":1,"href":"https:\/\/2horizontes.com\/index.php?rest_route=\/wp\/v2\/posts\/22535\/revisions"}],"predecessor-version":[{"id":22537,"href":"https:\/\/2horizontes.com\/index.php?rest_route=\/wp\/v2\/posts\/22535\/revisions\/22537"}],"wp:featuredmedia":[{"embeddable":true,"href":"https:\/\/2horizontes.com\/index.php?rest_route=\/wp\/v2\/media\/22536"}],"wp:attachment":[{"href":"https:\/\/2horizontes.com\/index.php?rest_route=%2Fwp%2Fv2%2Fmedia&parent=22535"}],"wp:term":[{"taxonomy":"category","embeddable":true,"href":"https:\/\/2horizontes.com\/index.php?rest_route=%2Fwp%2Fv2%2Fcategories&post=22535"},{"taxonomy":"post_tag","embeddable":true,"href":"https:\/\/2horizontes.com\/index.php?rest_route=%2Fwp%2Fv2%2Ftags&post=22535"}],"curies":[{"name":"wp","href":"https:\/\/api.w.org\/{rel}","templated":true}]}}