{"id":22482,"date":"2015-09-01T14:56:10","date_gmt":"2015-09-01T13:56:10","guid":{"rendered":"http:\/\/2horizontes.com\/?p=22482"},"modified":"2015-09-01T14:56:10","modified_gmt":"2015-09-01T13:56:10","slug":"toni-canto-en-politica-me-he-caracterizado-por-ser-un-poco-bocazas","status":"publish","type":"post","link":"https:\/\/2horizontes.com\/?p=22482","title":{"rendered":"Toni Cant\u00f3 En pol\u00edtica me he caracterizado por ser un poco bocazas"},"content":{"rendered":"<p>Toni Cant\u00f3 vuelve a los escenarios despu\u00e9s de cinco a\u00f1os fuera de los focos para unirse a la serie diaria \u00abAmar es para siempre\u00bb. \u00abEsto es como montar en bici\u00bb, comenta el int\u00e9rprete, aunque lleves tiempo sin practicar nunca se olvida del todo.<\/p>\n<p>El actor dar\u00e1 vida a Eugenio Martos, el m\u00e9dico de Franco. \u00abLa mayor sorpresa ha sido descubrir que Franco ten\u00eda coraz\u00f3n, y no era negro\u00bb, brome\u00f3 Cant\u00f3, que reconoce la ambici\u00f3n de su personaje, aunque tambi\u00e9n tendr\u00e1 su propia trama rom\u00e1ntica con el personaje de Elia Galera, Adela V\u00e1zquez.<\/p>\n<p>El que fuera diputado de UPyD aparc\u00f3 su carrera en el mundo de la interpretaci\u00f3n para adentrarse en la arena pol\u00edtica. \u00abLa pol\u00edtica es tan culebr\u00f3n como esta serie, aunque el culebr\u00f3n pol\u00edtico tiene consecuencias reales\u00bb.<\/p>\n<p>A\u00fan as\u00ed, el actor reconoce que ambas \u00abson dos carreras que son muy vocacionales, o al menos as\u00ed entiendo yo la buena pol\u00edtica. De hecho muchos de los problemas de la pol\u00edtica actual vienen porque los diputados no han trabajado fuera de este terreno\u00bb, afirm\u00f3 Cant\u00f3.<\/p>\n<p>El actor reconoce que pese a su profesi\u00f3n no ha actuado mucho en pol\u00edtica. \u00abDe hecho me he caracterizado por ser un poco bocazas y no disimular demasiado. Eso me ha hecho llevarme alg\u00fan rapapolvo, pero yo lo doy por bueno\u00bb, confiesa.<\/p>\n<p>Aunque todo sea un juego de mentiras y verdades. \u00abEn el arte se miente para encontrar la verdad, en la pol\u00edtica siempre se enmascara\u00bb, argumenta.<\/p>\n","protected":false},"excerpt":{"rendered":"<p>Toni Cant\u00f3 vuelve a los escenarios despu\u00e9s de cinco a\u00f1os fuera de los focos para unirse a la serie diaria \u00abAmar es para siempre\u00bb. \u00abEsto es como montar en bici\u00bb, comenta el int\u00e9rprete, aunque lleves tiempo sin practicar nunca se olvida del todo. El actor dar\u00e1 vida a Eugenio Martos, el m\u00e9dico de Franco. \u00abLa [&hellip;]<\/p>\n","protected":false},"author":3,"featured_media":22483,"comment_status":"open","ping_status":"open","sticky":false,"template":"","format":"standard","meta":{"footnotes":""},"categories":[1],"tags":[],"class_list":["post-22482","post","type-post","status-publish","format-standard","has-post-thumbnail","hentry","category-entretenimiento"],"_links":{"self":[{"href":"https:\/\/2horizontes.com\/index.php?rest_route=\/wp\/v2\/posts\/22482","targetHints":{"allow":["GET"]}}],"collection":[{"href":"https:\/\/2horizontes.com\/index.php?rest_route=\/wp\/v2\/posts"}],"about":[{"href":"https:\/\/2horizontes.com\/index.php?rest_route=\/wp\/v2\/types\/post"}],"author":[{"embeddable":true,"href":"https:\/\/2horizontes.com\/index.php?rest_route=\/wp\/v2\/users\/3"}],"replies":[{"embeddable":true,"href":"https:\/\/2horizontes.com\/index.php?rest_route=%2Fwp%2Fv2%2Fcomments&post=22482"}],"version-history":[{"count":1,"href":"https:\/\/2horizontes.com\/index.php?rest_route=\/wp\/v2\/posts\/22482\/revisions"}],"predecessor-version":[{"id":22484,"href":"https:\/\/2horizontes.com\/index.php?rest_route=\/wp\/v2\/posts\/22482\/revisions\/22484"}],"wp:featuredmedia":[{"embeddable":true,"href":"https:\/\/2horizontes.com\/index.php?rest_route=\/wp\/v2\/media\/22483"}],"wp:attachment":[{"href":"https:\/\/2horizontes.com\/index.php?rest_route=%2Fwp%2Fv2%2Fmedia&parent=22482"}],"wp:term":[{"taxonomy":"category","embeddable":true,"href":"https:\/\/2horizontes.com\/index.php?rest_route=%2Fwp%2Fv2%2Fcategories&post=22482"},{"taxonomy":"post_tag","embeddable":true,"href":"https:\/\/2horizontes.com\/index.php?rest_route=%2Fwp%2Fv2%2Ftags&post=22482"}],"curies":[{"name":"wp","href":"https:\/\/api.w.org\/{rel}","templated":true}]}}