{"id":22454,"date":"2015-09-01T13:57:31","date_gmt":"2015-09-01T12:57:31","guid":{"rendered":"http:\/\/2horizontes.com\/?p=22454"},"modified":"2015-09-01T13:57:31","modified_gmt":"2015-09-01T12:57:31","slug":"el-papa-francisco-concede-el-perdon-a-las-mujeres-que-hayan-abortado","status":"publish","type":"post","link":"https:\/\/2horizontes.com\/?p=22454","title":{"rendered":"El papa Francisco concede el perd\u00f3n a las mujeres que hayan abortado"},"content":{"rendered":"<p>El papa Francisco ha anunciado que durante la celebraci\u00f3n del jubileo de la Misericordia \u2013que se celebrar\u00e1 desde el pr\u00f3ximo 8 de diciembre al 20 de noviembre de 2016\u2014 todos los sacerdotes tendr\u00e1n la facultad de absolver a las mujeres que hayan cometido \u201cel pecado del aborto\u201d, porque \u201cel perd\u00f3n de Dios no se puede negar a todo el que se haya arrepentido\u201d y \u00abmuchas de ellas llevan en su coraz\u00f3n una cicatriz por esa elecci\u00f3n sufrida y dolorosa\u201d.<\/p>\n<p>En una carta dirigida por Bergoglio a monse\u00f1or Rino Fisichella, presidente del Consejo Pontificio para la Nueva Evangelizaci\u00f3n, Jorge Mario Bergoglio explica que \u201calgunos viven el drama del aborto con una consciencia superficial, casi sin darse cuenta del grav\u00edsimo mal que comporta un acto de ese tipo\u201d, pero que otros muchos, en cambio, lo viven \u201ccomo una derrota\u201d porque \u201cconsideran no tener otro camino por donde ir\u201d.<\/p>\n<p>El Papa a\u00f1ade: \u201cPienso, de forma especial, en todas las mujeres que han recurrido al aborto. Conozco bien los condicionamientos que las condujeron a esa decisi\u00f3n. S\u00e9 que es un drama existencial y moral.<\/p>\n<p>He encontrado a muchas mujeres que llevaban en su coraz\u00f3n una cicatriz por esa elecci\u00f3n sufrida y dolorosa\u201d. Ante esa situaci\u00f3n, Francisco advierte de que \u201cel perd\u00f3n de Dios no se puede negar a todo el que se haya arrepentido\u201d y anuncia que ha concedido a todos los sacerdotes \u201cla facultad de absolver del pecado del aborto a quienes lo han practicado y arrepentidos de coraz\u00f3n piden por ello perd\u00f3n\u201d.<\/p>\n<p>El Papa tambi\u00e9n hace especial menci\u00f3n en su carta a los enfermos y a las personas ancianas y solas y advierte tambi\u00e9n de que el jubileo debe ser \u201cuna gran amnist\u00eda\u201d para aquellos presos que, \u201cincluso mereciendo una pena, han tomado conciencia de la injusticia cometida y desean sinceramente integrarse de nuevo en la sociedad dando su contribuci\u00f3n honesta\u201d.<\/p>\n<p>Para los reclusos que han decidido reinsertarse, Bergoglio env\u00eda un mensaje: \u201cQue a todos ellos llegue realmente la misericordia del Padre que quiere estar cerca de quien m\u00e1s necesita de su perd\u00f3n. En las capillas de las c\u00e1rceles podr\u00e1n ganar la indulgencia, y cada vez que atraviesen la puerta de su celda, dirigiendo su pensamiento y la oraci\u00f3n al Padre, pueda este gesto ser para ellos el paso de la Puerta Santa, porque la misericordia de Dios, capaz de convertir los corazones, es tambi\u00e9n capaz de convertir las rejas en experiencia de libertad\u201d.<\/p>\n<p>La carta de Bergoglio finaliza con una se\u00f1al de acercamiento a los fieles que acuden a la tradicionalista Fraternidad San P\u00edo X, fundada en 1970 por Marcel Lefebvre y que no comulga con el rumbo tomado por la Iglesia a partir del Concilio Vaticano II: \u00abConf\u00edo que en el futuro pr\u00f3ximo se puedan encontrar soluciones para recuperar la plena comuni\u00f3n con los sacerdotes y los superiores de la Fraternidad\u00bb.<\/p>\n","protected":false},"excerpt":{"rendered":"<p>El papa Francisco ha anunciado que durante la celebraci\u00f3n del jubileo de la Misericordia \u2013que se celebrar\u00e1 desde el pr\u00f3ximo 8 de diciembre al 20 de noviembre de 2016\u2014 todos los sacerdotes tendr\u00e1n la facultad de absolver a las mujeres que hayan cometido \u201cel pecado del aborto\u201d, porque \u201cel perd\u00f3n de Dios no se puede [&hellip;]<\/p>\n","protected":false},"author":3,"featured_media":22455,"comment_status":"open","ping_status":"open","sticky":false,"template":"","format":"standard","meta":{"footnotes":""},"categories":[40],"tags":[],"class_list":["post-22454","post","type-post","status-publish","format-standard","has-post-thumbnail","hentry","category-internacionales"],"_links":{"self":[{"href":"https:\/\/2horizontes.com\/index.php?rest_route=\/wp\/v2\/posts\/22454","targetHints":{"allow":["GET"]}}],"collection":[{"href":"https:\/\/2horizontes.com\/index.php?rest_route=\/wp\/v2\/posts"}],"about":[{"href":"https:\/\/2horizontes.com\/index.php?rest_route=\/wp\/v2\/types\/post"}],"author":[{"embeddable":true,"href":"https:\/\/2horizontes.com\/index.php?rest_route=\/wp\/v2\/users\/3"}],"replies":[{"embeddable":true,"href":"https:\/\/2horizontes.com\/index.php?rest_route=%2Fwp%2Fv2%2Fcomments&post=22454"}],"version-history":[{"count":1,"href":"https:\/\/2horizontes.com\/index.php?rest_route=\/wp\/v2\/posts\/22454\/revisions"}],"predecessor-version":[{"id":22456,"href":"https:\/\/2horizontes.com\/index.php?rest_route=\/wp\/v2\/posts\/22454\/revisions\/22456"}],"wp:featuredmedia":[{"embeddable":true,"href":"https:\/\/2horizontes.com\/index.php?rest_route=\/wp\/v2\/media\/22455"}],"wp:attachment":[{"href":"https:\/\/2horizontes.com\/index.php?rest_route=%2Fwp%2Fv2%2Fmedia&parent=22454"}],"wp:term":[{"taxonomy":"category","embeddable":true,"href":"https:\/\/2horizontes.com\/index.php?rest_route=%2Fwp%2Fv2%2Fcategories&post=22454"},{"taxonomy":"post_tag","embeddable":true,"href":"https:\/\/2horizontes.com\/index.php?rest_route=%2Fwp%2Fv2%2Ftags&post=22454"}],"curies":[{"name":"wp","href":"https:\/\/api.w.org\/{rel}","templated":true}]}}