{"id":2245,"date":"2014-09-24T22:59:24","date_gmt":"2014-09-24T22:59:24","guid":{"rendered":"http:\/\/2horizontes.com\/?p=2245"},"modified":"2014-09-24T23:02:18","modified_gmt":"2014-09-24T23:02:18","slug":"en-republica-dominicana-cientos-de-feligreses-acuden-a-misa-por-el-dia-de-las-mercedes","status":"publish","type":"post","link":"https:\/\/2horizontes.com\/?p=2245","title":{"rendered":"En Rep\u00fablica Dominicana cientos de feligreses acuden a misa por el D\u00eda de Las Mercedes"},"content":{"rendered":"<p><a href=\"http:\/\/2horizontes.com\/wp-content\/uploads\/2014\/09\/misa-de-las-mercedes.jpeg\"><img loading=\"lazy\" decoding=\"async\" src=\"http:\/\/2horizontes.com\/wp-content\/uploads\/2014\/09\/misa-de-las-mercedes.jpeg\" alt=\"misa de las mercedes\" width=\"294\" height=\"196\" class=\"alignleft size-full wp-image-2246\" \/><\/a> Santo Domingo.-Cientos de feligreses acudieron esta ma\u00f1ana a una misa en ocasi\u00f3n a la celebraci\u00f3n del D\u00eda de Las Mercedes. <\/p>\n<p>La celebraci\u00f3n eucar\u00edstica, realizada en la iglesia de Las Mercedes ubicada en la Zona Colonial, fue presidida por Fray Luis Morales.<\/p>\n<p>Durante la homil\u00eda, el sacerdote record\u00f3 el pasaje de las escrituras en el que Jes\u00fas hizo su primer milagro en las bodas de Cana\u00e1n de Galilea, el cual fue motivado por su madre Mar\u00eda.<\/p>\n<p>Asimismo, el cura dijo que Jes\u00fas llev\u00f3 una trayectoria dirigida por el amor, por lo que llam\u00f3 a los ciudadanos a emular ese ejemplo.<\/p>\n<p>Precis\u00f3 que se necesita un cambio en la sociedad. \u201cLo importante para vida debe ser Dios\u201d, enfatiz\u00f3.<\/p>\n<p>Algunos devotos han manifestado su gratitud hacia la Virgen de Las Mercedes por algunos favores concebidos.<\/p>\n<p>La misa estuvo muy animada y al final se dirigieron muchos c\u00e1nticos dedicados a la Virgen de Las Mercedes.<\/p>\n<p>Se inform\u00f3 que hay otra misa a las 11:00 de la ma\u00f1ana que ser\u00e1 presidida por el Fray Kelvin Acevedo.<\/p>\n<p>F. List\u00edn Diario.<\/p>\n","protected":false},"excerpt":{"rendered":"<p>Santo Domingo.-Cientos de feligreses acudieron esta ma\u00f1ana a una misa en ocasi\u00f3n a la celebraci\u00f3n del D\u00eda de Las Mercedes. La celebraci\u00f3n eucar\u00edstica, realizada en la iglesia de Las Mercedes ubicada en la Zona Colonial, fue presidida por Fray Luis Morales. Durante la homil\u00eda, el sacerdote record\u00f3 el pasaje de las escrituras en el que [&hellip;]<\/p>\n","protected":false},"author":1,"featured_media":0,"comment_status":"open","ping_status":"open","sticky":false,"template":"","format":"standard","meta":{"footnotes":""},"categories":[1],"tags":[],"class_list":["post-2245","post","type-post","status-publish","format-standard","hentry","category-entretenimiento"],"_links":{"self":[{"href":"https:\/\/2horizontes.com\/index.php?rest_route=\/wp\/v2\/posts\/2245","targetHints":{"allow":["GET"]}}],"collection":[{"href":"https:\/\/2horizontes.com\/index.php?rest_route=\/wp\/v2\/posts"}],"about":[{"href":"https:\/\/2horizontes.com\/index.php?rest_route=\/wp\/v2\/types\/post"}],"author":[{"embeddable":true,"href":"https:\/\/2horizontes.com\/index.php?rest_route=\/wp\/v2\/users\/1"}],"replies":[{"embeddable":true,"href":"https:\/\/2horizontes.com\/index.php?rest_route=%2Fwp%2Fv2%2Fcomments&post=2245"}],"version-history":[{"count":2,"href":"https:\/\/2horizontes.com\/index.php?rest_route=\/wp\/v2\/posts\/2245\/revisions"}],"predecessor-version":[{"id":2248,"href":"https:\/\/2horizontes.com\/index.php?rest_route=\/wp\/v2\/posts\/2245\/revisions\/2248"}],"wp:attachment":[{"href":"https:\/\/2horizontes.com\/index.php?rest_route=%2Fwp%2Fv2%2Fmedia&parent=2245"}],"wp:term":[{"taxonomy":"category","embeddable":true,"href":"https:\/\/2horizontes.com\/index.php?rest_route=%2Fwp%2Fv2%2Fcategories&post=2245"},{"taxonomy":"post_tag","embeddable":true,"href":"https:\/\/2horizontes.com\/index.php?rest_route=%2Fwp%2Fv2%2Ftags&post=2245"}],"curies":[{"name":"wp","href":"https:\/\/api.w.org\/{rel}","templated":true}]}}