{"id":22412,"date":"2015-09-01T03:47:32","date_gmt":"2015-09-01T02:47:32","guid":{"rendered":"http:\/\/2horizontes.com\/?p=22412"},"modified":"2015-09-01T03:47:32","modified_gmt":"2015-09-01T02:47:32","slug":"ratifican-prision-preventiva-en-contra-del-regidor-acusado-de-sicariato","status":"publish","type":"post","link":"https:\/\/2horizontes.com\/?p=22412","title":{"rendered":"Ratifican prisi\u00f3n preventiva en contra del regidor acusado de sicariato"},"content":{"rendered":"<p>RD- SANTO DOMINGO- La jueza suplente del Sexto Juzgado de la Instrucci\u00f3n del Distrito Nacional, Evelyn Rodr\u00edguez, ratific\u00f3 hoy la prisi\u00f3n preventiva en contra del regidor del municipio Pedro Brand, Ericsson de los Santos, acusado por las autoridades de pertenecer a una organizaci\u00f3n de sicarios.<\/p>\n<p>De esta manera, la juez acogi\u00f3 una solicitud del fiscal Milc\u00edades Guzm\u00e1n, quien pidi\u00f3 rechazar la variaci\u00f3n de la medida de coerci\u00f3n.<\/p>\n<p>Durante la audiencia, familiares de supuestas v\u00edctimas de de los Santos denunciaron que \u00e9ste les ha ofrecido dinero para que retiren las acusaciones en su contra.<\/p>\n<p>En febrero pasado una jueza impuso un a\u00f1o de prisi\u00f3n preventiva, como medida de coerci\u00f3n al de los Santos, del Partido Revolucionario Dominicano (PRD), acusado por el Ministerio P\u00fablico y la Polic\u00eda de pertenecer a una organizaci\u00f3n de sicarios que operaba en el pa\u00eds desde 2008 a servicio de dirigentes del transporte p\u00fablico local.<\/p>\n<p>De acuerdo con las fuentes, la banda, que operaba a nivel nacional y que ya fue desmantelada, mandaba a asesinar por encargo por el control de rutas de transporte.<\/p>\n<p>Asimismo, se dedicaba al lavado de activos, secuestros, cobros compulsivos e invasi\u00f3n de terrenos.<\/p>\n<p>A la banda se le atribuye la muerte de al menos cinco choferes en el Distrito Nacional. EFE<\/p>\n","protected":false},"excerpt":{"rendered":"<p>RD- SANTO DOMINGO- La jueza suplente del Sexto Juzgado de la Instrucci\u00f3n del Distrito Nacional, Evelyn Rodr\u00edguez, ratific\u00f3 hoy la prisi\u00f3n preventiva en contra del regidor del municipio Pedro Brand, Ericsson de los Santos, acusado por las autoridades de pertenecer a una organizaci\u00f3n de sicarios. De esta manera, la juez acogi\u00f3 una solicitud del fiscal [&hellip;]<\/p>\n","protected":false},"author":8,"featured_media":22413,"comment_status":"open","ping_status":"open","sticky":false,"template":"","format":"standard","meta":{"footnotes":""},"categories":[44],"tags":[],"class_list":["post-22412","post","type-post","status-publish","format-standard","has-post-thumbnail","hentry","category-republica-dominicana"],"_links":{"self":[{"href":"https:\/\/2horizontes.com\/index.php?rest_route=\/wp\/v2\/posts\/22412","targetHints":{"allow":["GET"]}}],"collection":[{"href":"https:\/\/2horizontes.com\/index.php?rest_route=\/wp\/v2\/posts"}],"about":[{"href":"https:\/\/2horizontes.com\/index.php?rest_route=\/wp\/v2\/types\/post"}],"author":[{"embeddable":true,"href":"https:\/\/2horizontes.com\/index.php?rest_route=\/wp\/v2\/users\/8"}],"replies":[{"embeddable":true,"href":"https:\/\/2horizontes.com\/index.php?rest_route=%2Fwp%2Fv2%2Fcomments&post=22412"}],"version-history":[{"count":1,"href":"https:\/\/2horizontes.com\/index.php?rest_route=\/wp\/v2\/posts\/22412\/revisions"}],"predecessor-version":[{"id":22414,"href":"https:\/\/2horizontes.com\/index.php?rest_route=\/wp\/v2\/posts\/22412\/revisions\/22414"}],"wp:featuredmedia":[{"embeddable":true,"href":"https:\/\/2horizontes.com\/index.php?rest_route=\/wp\/v2\/media\/22413"}],"wp:attachment":[{"href":"https:\/\/2horizontes.com\/index.php?rest_route=%2Fwp%2Fv2%2Fmedia&parent=22412"}],"wp:term":[{"taxonomy":"category","embeddable":true,"href":"https:\/\/2horizontes.com\/index.php?rest_route=%2Fwp%2Fv2%2Fcategories&post=22412"},{"taxonomy":"post_tag","embeddable":true,"href":"https:\/\/2horizontes.com\/index.php?rest_route=%2Fwp%2Fv2%2Ftags&post=22412"}],"curies":[{"name":"wp","href":"https:\/\/api.w.org\/{rel}","templated":true}]}}