{"id":22397,"date":"2015-09-01T03:14:31","date_gmt":"2015-09-01T02:14:31","guid":{"rendered":"http:\/\/2horizontes.com\/?p=22397"},"modified":"2015-09-01T03:14:31","modified_gmt":"2015-09-01T02:14:31","slug":"chile-pone-proa-a-cuba-con-delegacion-liderada-por-canciller","status":"publish","type":"post","link":"https:\/\/2horizontes.com\/?p=22397","title":{"rendered":"CHILE: pone proa a Cuba con delegaci\u00f3n liderada por canciller"},"content":{"rendered":"<p>Santiago de Chile, 31 ago (PL) Chile pondr\u00e1 proa esta semana rumbo a Cuba con una delegaci\u00f3n de alto nivel encabezada por el ministro de Relaciones Exteriores, Heraldo Mu\u00f1oz, con el objetivo de intensificar los nexos bilaterales.<\/p>\n<p>De acuerdo con fuentes oficiales, Mu\u00f1oz, quien fue uno de los primeros cancilleres en aplaudir la reapertura de Embajadas en Cuba y Estados Unidos en fecha reciente, expres\u00f3 el inter\u00e9s chileno de sondear tambi\u00e9n nuevas oportunidades de negocios.<\/p>\n<p>Preguntado por Prensa Latina en torno al eventual impacto de este suceso en los v\u00ednculos entre Cuba y Chile, el diplom\u00e1tico apunt\u00f3 entonces que si bien no cambia nada de manera dram\u00e1tica, si ayudar\u00e1 a fortalecer las relaciones bilaterales.<\/p>\n<p>\u201cSiempre nuestro pa\u00eds ha tenido lazos normales y crecientes en todas las esferas, pero sin dudas desaparecen ahora obst\u00e1culos que dar\u00e1n mayor fluidez al comercio y las inversiones\u201d, precis\u00f3.<\/p>\n<p>En tal sentido, el secretario de Estado permanecer\u00e1 en la isla caribe\u00f1a del 2 al 5 de septiembre acompa\u00f1ado por Andr\u00e9s Rebolledo, director general de Relaciones Econ\u00f3micas Internacionales de la Canciller\u00eda (Direcon).<br \/>\nAsimismo, 35 empresas y organizaciones gremiales har\u00e1n parte de la delegaci\u00f3n que por el lado de los hombres de negocios lidera Hermann von M\u00fchlenbrock, presidente de la Sociedad de Fomento Fabril (Sofofa).<\/p>\n<p>El jefe de la diplomacia chilena coment\u00f3 hace algunas semanas a Prensa Latina que antes de que La Habana y Washington anunciaran en diciembre pasado la reanudaci\u00f3n de nexos diplom\u00e1ticos, su pa\u00eds ya se hab\u00eda acercado a Cuba.<\/p>\n<p>Chile envi\u00f3 a Cuba una importante delegaci\u00f3n impulsada por la Canciller\u00eda para profundizar acuerdos en noviembre de 2014, anot\u00f3 Mu\u00f1oz.<br \/>\nLas facilidades, garant\u00edas y seguridad jur\u00eddica que ofrece la nueva Ley de Inversi\u00f3n Extranjera en la Isla y el despegue de la Zona Especial de Desarrollo del Mariel (ZEDM), crean un ambiente m\u00e1s propicio, se\u00f1alaron las fuentes.<\/p>\n<p>Asimismo, destacaron que el programa previsto para la visita abarcar\u00e1 rondas de negocios entre empresarios de ambos pa\u00edses.<br \/>\nAdem\u00e1s, una evaluaci\u00f3n de las posibilidades que ofrece el Acuerdo de Complementaci\u00f3n Econ\u00f3mica (ACE) que mantienen Chile y Cuba para estimular su intercambio comercial.<\/p>\n<p>Estad\u00edsticas de la Direcon indicaron que el intercambio entre las dos naciones alcanz\u00f3 los 42 millones de d\u00f3lares en 2014, de los cuales 36 millones son de ventas chilenas.<\/p>\n","protected":false},"excerpt":{"rendered":"<p>Santiago de Chile, 31 ago (PL) Chile pondr\u00e1 proa esta semana rumbo a Cuba con una delegaci\u00f3n de alto nivel encabezada por el ministro de Relaciones Exteriores, Heraldo Mu\u00f1oz, con el objetivo de intensificar los nexos bilaterales. De acuerdo con fuentes oficiales, Mu\u00f1oz, quien fue uno de los primeros cancilleres en aplaudir la reapertura de [&hellip;]<\/p>\n","protected":false},"author":8,"featured_media":22398,"comment_status":"open","ping_status":"open","sticky":false,"template":"","format":"standard","meta":{"footnotes":""},"categories":[40],"tags":[],"class_list":["post-22397","post","type-post","status-publish","format-standard","has-post-thumbnail","hentry","category-internacionales"],"_links":{"self":[{"href":"https:\/\/2horizontes.com\/index.php?rest_route=\/wp\/v2\/posts\/22397","targetHints":{"allow":["GET"]}}],"collection":[{"href":"https:\/\/2horizontes.com\/index.php?rest_route=\/wp\/v2\/posts"}],"about":[{"href":"https:\/\/2horizontes.com\/index.php?rest_route=\/wp\/v2\/types\/post"}],"author":[{"embeddable":true,"href":"https:\/\/2horizontes.com\/index.php?rest_route=\/wp\/v2\/users\/8"}],"replies":[{"embeddable":true,"href":"https:\/\/2horizontes.com\/index.php?rest_route=%2Fwp%2Fv2%2Fcomments&post=22397"}],"version-history":[{"count":1,"href":"https:\/\/2horizontes.com\/index.php?rest_route=\/wp\/v2\/posts\/22397\/revisions"}],"predecessor-version":[{"id":22399,"href":"https:\/\/2horizontes.com\/index.php?rest_route=\/wp\/v2\/posts\/22397\/revisions\/22399"}],"wp:featuredmedia":[{"embeddable":true,"href":"https:\/\/2horizontes.com\/index.php?rest_route=\/wp\/v2\/media\/22398"}],"wp:attachment":[{"href":"https:\/\/2horizontes.com\/index.php?rest_route=%2Fwp%2Fv2%2Fmedia&parent=22397"}],"wp:term":[{"taxonomy":"category","embeddable":true,"href":"https:\/\/2horizontes.com\/index.php?rest_route=%2Fwp%2Fv2%2Fcategories&post=22397"},{"taxonomy":"post_tag","embeddable":true,"href":"https:\/\/2horizontes.com\/index.php?rest_route=%2Fwp%2Fv2%2Ftags&post=22397"}],"curies":[{"name":"wp","href":"https:\/\/api.w.org\/{rel}","templated":true}]}}