{"id":22394,"date":"2015-09-01T03:12:01","date_gmt":"2015-09-01T02:12:01","guid":{"rendered":"http:\/\/2horizontes.com\/?p=22394"},"modified":"2015-09-01T03:12:01","modified_gmt":"2015-09-01T02:12:01","slug":"camioneros-rd-reanudan-transporte-de-carga-hacia-haiti","status":"publish","type":"post","link":"https:\/\/2horizontes.com\/?p=22394","title":{"rendered":"Camioneros RD reanudan transporte de carga hacia Hait\u00ed"},"content":{"rendered":"<p>RD-SANTO DOMINGO.- El transporte de carga entre Hait\u00ed y Rep\u00fablica Dominicana fue restablecido este viernes luego de que el gobierno de ese primer pa\u00eds garantizara a trav\u00e9s de un comunicado la seguridad de los camioneros dominicanos.<\/p>\n<p>Blas Peralta, presidente de la Federaci\u00f3n Nacional de Transporte Dominicano (Fenatrado), inform\u00f3 el lavantamiento del paro que mantuvo ese gremio durante 25 d\u00edas y dijo que desde las 8:00 de la ma\u00f1ana de este viernes los transportistas empezaron a cruzar la frontera cargados de mercanc\u00edas.<\/p>\n<p>Indic\u00f3 que el Gobierno haitiano se comprometi\u00f3 a asignar militares para proteger el recorrido de los camiones.<\/p>\n<p>Agreg\u00f3 que se afinan las gestiones para formalizar la creaci\u00f3n de un seguro que responda por cualquier da\u00f1o a camiones o p\u00e9rdidas de mercanc\u00edas.<\/p>\n<p>Dijo que conf\u00eda en que a partir del anuncio de las autoridades haitinas quedar\u00e1n superados los inconvenientes y se mantendr\u00e1 la armon\u00eda en el transporte hacia el vecino pa\u00eds.<\/p>\n","protected":false},"excerpt":{"rendered":"<p>RD-SANTO DOMINGO.- El transporte de carga entre Hait\u00ed y Rep\u00fablica Dominicana fue restablecido este viernes luego de que el gobierno de ese primer pa\u00eds garantizara a trav\u00e9s de un comunicado la seguridad de los camioneros dominicanos. Blas Peralta, presidente de la Federaci\u00f3n Nacional de Transporte Dominicano (Fenatrado), inform\u00f3 el lavantamiento del paro que mantuvo ese [&hellip;]<\/p>\n","protected":false},"author":8,"featured_media":22395,"comment_status":"open","ping_status":"open","sticky":false,"template":"","format":"standard","meta":{"footnotes":""},"categories":[47,44],"tags":[],"class_list":["post-22394","post","type-post","status-publish","format-standard","has-post-thumbnail","hentry","category-haiti","category-republica-dominicana"],"_links":{"self":[{"href":"https:\/\/2horizontes.com\/index.php?rest_route=\/wp\/v2\/posts\/22394","targetHints":{"allow":["GET"]}}],"collection":[{"href":"https:\/\/2horizontes.com\/index.php?rest_route=\/wp\/v2\/posts"}],"about":[{"href":"https:\/\/2horizontes.com\/index.php?rest_route=\/wp\/v2\/types\/post"}],"author":[{"embeddable":true,"href":"https:\/\/2horizontes.com\/index.php?rest_route=\/wp\/v2\/users\/8"}],"replies":[{"embeddable":true,"href":"https:\/\/2horizontes.com\/index.php?rest_route=%2Fwp%2Fv2%2Fcomments&post=22394"}],"version-history":[{"count":1,"href":"https:\/\/2horizontes.com\/index.php?rest_route=\/wp\/v2\/posts\/22394\/revisions"}],"predecessor-version":[{"id":22396,"href":"https:\/\/2horizontes.com\/index.php?rest_route=\/wp\/v2\/posts\/22394\/revisions\/22396"}],"wp:featuredmedia":[{"embeddable":true,"href":"https:\/\/2horizontes.com\/index.php?rest_route=\/wp\/v2\/media\/22395"}],"wp:attachment":[{"href":"https:\/\/2horizontes.com\/index.php?rest_route=%2Fwp%2Fv2%2Fmedia&parent=22394"}],"wp:term":[{"taxonomy":"category","embeddable":true,"href":"https:\/\/2horizontes.com\/index.php?rest_route=%2Fwp%2Fv2%2Fcategories&post=22394"},{"taxonomy":"post_tag","embeddable":true,"href":"https:\/\/2horizontes.com\/index.php?rest_route=%2Fwp%2Fv2%2Ftags&post=22394"}],"curies":[{"name":"wp","href":"https:\/\/api.w.org\/{rel}","templated":true}]}}