{"id":22267,"date":"2015-08-31T02:42:58","date_gmt":"2015-08-31T01:42:58","guid":{"rendered":"http:\/\/2horizontes.com\/?p=22267"},"modified":"2015-08-31T02:42:58","modified_gmt":"2015-08-31T01:42:58","slug":"hombre-mata-a-otro-en-rina-por-una-motocicleta-en-herrera-rd","status":"publish","type":"post","link":"https:\/\/2horizontes.com\/?p=22267","title":{"rendered":"Hombre mata a otro en ri\u00f1a por una motocicleta en Herrera RD"},"content":{"rendered":"<p>RD- HERRERA-Un hombre muri\u00f3 y otro result\u00f3 herido al enfrentarse en ri\u00f1a armados de un pu\u00f1al y un tubo, en medio de un incidente bajo investigaci\u00f3n ocurrido este domingo en el barrio El Libertador de Herrera, Santo Domingo Oeste.<\/p>\n<p>La Polic\u00eda dijo que el hombre muerto esta ma\u00f1ana es \u00a0Mario Jairo Mu\u00f1oz Calvo,\u00a0de 23 a\u00f1os, quien presenta herida punzo-cortante en el t\u00f3rax, ocasionada por Emmanuel Reyes Javier (Nagua),\u00a0de 33, el cual a su vez recibi\u00f3 traumas cortantes en distintas partes del cuerpo.<\/p>\n<p>El reporte preliminar indica que alrededor de las 6:30 de la ma\u00f1ana, Reyes Javier (Nagua), se present\u00f3 en aparente estado de embriaguez a la residencia \u00a0ubicada en la\u00a0calle Tercera, n\u00famero 17, del citado sector, con un pu\u00f1al en las manos y de forma agresiva.<\/p>\n<p>El reporte indica que el victimario reclamaba a Mu\u00f1oz Calvo, hoy occiso, que le buscara la\u00a0motocicleta marca BR, modelo 150, roja, sin placa, la cual hab\u00eda alquilado para \u201cconchar\u201d.<\/p>\n<p>El reporte indica que en medio de esa situaci\u00f3n sali\u00f3 Mu\u00f1oz Calvo con un tubo, origin\u00e1ndose una ri\u00f1a, resultando ambos con los golpes y heridas que presentan.<\/p>\n<p>La Polic\u00eda dijo que profundiza las investigaciones, para establecer las reales circunstancias en que se produjo el hecho.<\/p>\n<p>El prevenido ser\u00e1 sometido a la justicia en las pr\u00f3ximas horas, v\u00eda el Ministerio P\u00fablico, para que se le conozca medida de coerci\u00f3n.<\/p>\n<p>&nbsp;<\/p>\n","protected":false},"excerpt":{"rendered":"<p>RD- HERRERA-Un hombre muri\u00f3 y otro result\u00f3 herido al enfrentarse en ri\u00f1a armados de un pu\u00f1al y un tubo, en medio de un incidente bajo investigaci\u00f3n ocurrido este domingo en el barrio El Libertador de Herrera, Santo Domingo Oeste. La Polic\u00eda dijo que el hombre muerto esta ma\u00f1ana es \u00a0Mario Jairo Mu\u00f1oz Calvo,\u00a0de 23 a\u00f1os, [&hellip;]<\/p>\n","protected":false},"author":8,"featured_media":22268,"comment_status":"open","ping_status":"open","sticky":false,"template":"","format":"standard","meta":{"footnotes":""},"categories":[44],"tags":[],"class_list":["post-22267","post","type-post","status-publish","format-standard","has-post-thumbnail","hentry","category-republica-dominicana"],"_links":{"self":[{"href":"https:\/\/2horizontes.com\/index.php?rest_route=\/wp\/v2\/posts\/22267","targetHints":{"allow":["GET"]}}],"collection":[{"href":"https:\/\/2horizontes.com\/index.php?rest_route=\/wp\/v2\/posts"}],"about":[{"href":"https:\/\/2horizontes.com\/index.php?rest_route=\/wp\/v2\/types\/post"}],"author":[{"embeddable":true,"href":"https:\/\/2horizontes.com\/index.php?rest_route=\/wp\/v2\/users\/8"}],"replies":[{"embeddable":true,"href":"https:\/\/2horizontes.com\/index.php?rest_route=%2Fwp%2Fv2%2Fcomments&post=22267"}],"version-history":[{"count":1,"href":"https:\/\/2horizontes.com\/index.php?rest_route=\/wp\/v2\/posts\/22267\/revisions"}],"predecessor-version":[{"id":22269,"href":"https:\/\/2horizontes.com\/index.php?rest_route=\/wp\/v2\/posts\/22267\/revisions\/22269"}],"wp:featuredmedia":[{"embeddable":true,"href":"https:\/\/2horizontes.com\/index.php?rest_route=\/wp\/v2\/media\/22268"}],"wp:attachment":[{"href":"https:\/\/2horizontes.com\/index.php?rest_route=%2Fwp%2Fv2%2Fmedia&parent=22267"}],"wp:term":[{"taxonomy":"category","embeddable":true,"href":"https:\/\/2horizontes.com\/index.php?rest_route=%2Fwp%2Fv2%2Fcategories&post=22267"},{"taxonomy":"post_tag","embeddable":true,"href":"https:\/\/2horizontes.com\/index.php?rest_route=%2Fwp%2Fv2%2Ftags&post=22267"}],"curies":[{"name":"wp","href":"https:\/\/api.w.org\/{rel}","templated":true}]}}