{"id":22254,"date":"2015-08-30T17:19:12","date_gmt":"2015-08-30T16:19:12","guid":{"rendered":"http:\/\/2horizontes.com\/?p=22254"},"modified":"2015-08-30T17:19:12","modified_gmt":"2015-08-30T16:19:12","slug":"multa-para-sagan-y-expulsion-para-el-motorista-que-provoco-su-caida","status":"publish","type":"post","link":"https:\/\/2horizontes.com\/?p=22254","title":{"rendered":"Multa para Sagan y expulsi\u00f3n para el motorista que provoc\u00f3 su ca\u00edda"},"content":{"rendered":"<p>La octava etapa de la Vuelta fue ca\u00f3tica. Peter Sagan fue uno de los grandes damnificados. El ciclista eslovaco fie derribado por una moto cuando se dispon\u00eda a dar caza a Elissonde, Losada y Gon\u00e7alves, que luchaban por mantener a raya al pelot\u00f3n. El corredor del Tinkoff-Saxo, que se erig\u00eda como uno de los favoritos para hacerse con el triunfo en Murcia, la emprendi\u00f3 a golpes con su bicicleta. Su enfado fue monumental.<\/p>\n<p>Los comisarios de la Vuelta a Espa\u00f1a decidieron expulsar de la carrera al piloto de la moto de la organizaci\u00f3n que provoc\u00f3 la ca\u00edda de Sagan, quien a su vez fue multado por \u00abinjurias, amenazas y atentar contra la imagen del ciclismo\u00bb. En aplicaci\u00f3n del reglamento de circulaci\u00f3n en carrera, los comisarios de la UCI tomaron tal decisi\u00f3n \u00abpor adelantar a un grupo provocando la ca\u00edda de un corredor\u00bb. El esolvaco deber\u00e1 pagar 300 francos suizos (278 euros).<\/p>\n<p>El otro foco de atenci\u00f3n de la jornada estuvo en una ca\u00edda que se produjo a 49 kil\u00f3metros para meta. En ella se vieron involucrados el irland\u00e9s Daniel Martin (Cannondale), el estadounidense Tejay Van Garderen (BMC) y el franc\u00e9s Nacer Bouhanni (Cofidis). Los tres se sumaron a la lista de abandonos. El peor parado fue el corredor belga del Lotto Kris Boeckmans. Tuvo que ser trasladado a un centro hospitalario.<\/p>\n","protected":false},"excerpt":{"rendered":"<p>La octava etapa de la Vuelta fue ca\u00f3tica. Peter Sagan fue uno de los grandes damnificados. El ciclista eslovaco fie derribado por una moto cuando se dispon\u00eda a dar caza a Elissonde, Losada y Gon\u00e7alves, que luchaban por mantener a raya al pelot\u00f3n. El corredor del Tinkoff-Saxo, que se erig\u00eda como uno de los favoritos [&hellip;]<\/p>\n","protected":false},"author":3,"featured_media":22255,"comment_status":"open","ping_status":"open","sticky":false,"template":"","format":"standard","meta":{"footnotes":""},"categories":[85],"tags":[],"class_list":["post-22254","post","type-post","status-publish","format-standard","has-post-thumbnail","hentry","category-espana"],"_links":{"self":[{"href":"https:\/\/2horizontes.com\/index.php?rest_route=\/wp\/v2\/posts\/22254","targetHints":{"allow":["GET"]}}],"collection":[{"href":"https:\/\/2horizontes.com\/index.php?rest_route=\/wp\/v2\/posts"}],"about":[{"href":"https:\/\/2horizontes.com\/index.php?rest_route=\/wp\/v2\/types\/post"}],"author":[{"embeddable":true,"href":"https:\/\/2horizontes.com\/index.php?rest_route=\/wp\/v2\/users\/3"}],"replies":[{"embeddable":true,"href":"https:\/\/2horizontes.com\/index.php?rest_route=%2Fwp%2Fv2%2Fcomments&post=22254"}],"version-history":[{"count":1,"href":"https:\/\/2horizontes.com\/index.php?rest_route=\/wp\/v2\/posts\/22254\/revisions"}],"predecessor-version":[{"id":22256,"href":"https:\/\/2horizontes.com\/index.php?rest_route=\/wp\/v2\/posts\/22254\/revisions\/22256"}],"wp:featuredmedia":[{"embeddable":true,"href":"https:\/\/2horizontes.com\/index.php?rest_route=\/wp\/v2\/media\/22255"}],"wp:attachment":[{"href":"https:\/\/2horizontes.com\/index.php?rest_route=%2Fwp%2Fv2%2Fmedia&parent=22254"}],"wp:term":[{"taxonomy":"category","embeddable":true,"href":"https:\/\/2horizontes.com\/index.php?rest_route=%2Fwp%2Fv2%2Fcategories&post=22254"},{"taxonomy":"post_tag","embeddable":true,"href":"https:\/\/2horizontes.com\/index.php?rest_route=%2Fwp%2Fv2%2Ftags&post=22254"}],"curies":[{"name":"wp","href":"https:\/\/api.w.org\/{rel}","templated":true}]}}