{"id":22232,"date":"2015-08-30T13:30:32","date_gmt":"2015-08-30T12:30:32","guid":{"rendered":"http:\/\/2horizontes.com\/?p=22232"},"modified":"2015-08-30T13:31:44","modified_gmt":"2015-08-30T12:31:44","slug":"arrestados-los-atracadores-de-una-carniceria-en-villarejo","status":"publish","type":"post","link":"https:\/\/2horizontes.com\/?p=22232","title":{"rendered":"Arrestados los atracadores de una carnicer\u00eda en Villarejo"},"content":{"rendered":"<p>La Guardia Civil, en colaboraci\u00f3n con la Polic\u00eda Local, ha detenido a cuatro personas que robaron con intimidaci\u00f3n y violencia un establecimiento de la localidad de Villarejo de Salvan\u00e9s en el que irrumpieron con el rostro oculto bajo caretas y gafas de sol.<\/p>\n<p>Seg\u00fan informa la Comandancia de la Guardia Civil, el pasado 7 de agosto, cerca de las nueve de la noche, los asaltantes agredieron al due\u00f1o de una carnicer\u00eda y enca\u00f1onaron con un arma corta a su empleada para hacerse con m\u00e1s de 4.000 euros en efectivo, una cartera y un tel\u00e9fono m\u00f3vil.<\/p>\n<p>Los hechos fueron comunicados a una patrulla de la Polic\u00eda Local del municipio que se encontr\u00f3 en su camino al lugar a dos agentes de la Guardia Civil fuera de servicio, que se unieron a los polic\u00edas locales para detener a los autores del robo.<\/p>\n<p>Tres de los detenidos fueron localizados escasos minutos despu\u00e9s de la comisi\u00f3n del hurto, aunque para detener al cuarto los agentes establecieron un dispositivo de b\u00fasqueda, gracias al cual le encontraron escondido en un gallinero, donde se hicieron adem\u00e1s con todos los objetos robados y el arma usada para cometer el delito.<\/p>\n<p>Los detenidos son tres varones y una mujer con edades comprendidas entre los 21 y los 30, de origen colombiano y espa\u00f1ol y a quienes se les imputa por este hecho un delito de robo con violencia e intimidaci\u00f3n.<\/p>\n","protected":false},"excerpt":{"rendered":"<p>La Guardia Civil, en colaboraci\u00f3n con la Polic\u00eda Local, ha detenido a cuatro personas que robaron con intimidaci\u00f3n y violencia un establecimiento de la localidad de Villarejo de Salvan\u00e9s en el que irrumpieron con el rostro oculto bajo caretas y gafas de sol. Seg\u00fan informa la Comandancia de la Guardia Civil, el pasado 7 de [&hellip;]<\/p>\n","protected":false},"author":3,"featured_media":22233,"comment_status":"open","ping_status":"open","sticky":false,"template":"","format":"standard","meta":{"footnotes":""},"categories":[85],"tags":[],"class_list":["post-22232","post","type-post","status-publish","format-standard","has-post-thumbnail","hentry","category-espana"],"_links":{"self":[{"href":"https:\/\/2horizontes.com\/index.php?rest_route=\/wp\/v2\/posts\/22232","targetHints":{"allow":["GET"]}}],"collection":[{"href":"https:\/\/2horizontes.com\/index.php?rest_route=\/wp\/v2\/posts"}],"about":[{"href":"https:\/\/2horizontes.com\/index.php?rest_route=\/wp\/v2\/types\/post"}],"author":[{"embeddable":true,"href":"https:\/\/2horizontes.com\/index.php?rest_route=\/wp\/v2\/users\/3"}],"replies":[{"embeddable":true,"href":"https:\/\/2horizontes.com\/index.php?rest_route=%2Fwp%2Fv2%2Fcomments&post=22232"}],"version-history":[{"count":1,"href":"https:\/\/2horizontes.com\/index.php?rest_route=\/wp\/v2\/posts\/22232\/revisions"}],"predecessor-version":[{"id":22234,"href":"https:\/\/2horizontes.com\/index.php?rest_route=\/wp\/v2\/posts\/22232\/revisions\/22234"}],"wp:featuredmedia":[{"embeddable":true,"href":"https:\/\/2horizontes.com\/index.php?rest_route=\/wp\/v2\/media\/22233"}],"wp:attachment":[{"href":"https:\/\/2horizontes.com\/index.php?rest_route=%2Fwp%2Fv2%2Fmedia&parent=22232"}],"wp:term":[{"taxonomy":"category","embeddable":true,"href":"https:\/\/2horizontes.com\/index.php?rest_route=%2Fwp%2Fv2%2Fcategories&post=22232"},{"taxonomy":"post_tag","embeddable":true,"href":"https:\/\/2horizontes.com\/index.php?rest_route=%2Fwp%2Fv2%2Ftags&post=22232"}],"curies":[{"name":"wp","href":"https:\/\/api.w.org\/{rel}","templated":true}]}}