{"id":22229,"date":"2015-08-30T13:26:25","date_gmt":"2015-08-30T12:26:25","guid":{"rendered":"http:\/\/2horizontes.com\/?p=22229"},"modified":"2015-08-30T13:26:25","modified_gmt":"2015-08-30T12:26:25","slug":"el-espiritu-numantino-de-ofelia-nieto-revive-entre-los-escombros","status":"publish","type":"post","link":"https:\/\/2horizontes.com\/?p=22229","title":{"rendered":"El esp\u00edritu &#8216;numantino&#8217; de Ofelia Nieto revive entre los escombros"},"content":{"rendered":"<p>Hace seis meses y dos d\u00edas se produc\u00eda el derribo del n\u00famero 29 de la calle Ofelia Nieto, en el distrito de Tetu\u00e1n. Con la entrada de la excavadora en lo que hoy es un solar lleno de escombros se pon\u00eda fin a una resistencia numantina de tres a\u00f1os en los que la familia Gracia-Gonz\u00e1lez hab\u00eda intentado parar varias veces el desalojo del inmueble en el que resid\u00edan tres n\u00facleos familiares desde 1956.<\/p>\n<p>La excusa que se esgrimi\u00f3 entonces desde el Ayuntamiento de Madrid, gobernado en ese momento por la ex alcaldesa &#8216;popular&#8217; Ana Botella, fue que se ten\u00eda que derruir el edificio para ensanchar seis metros cuadrados la acera. Desde los colectivos antidesahucios se cree que los motivos respond\u00edan a intereses especulativos; en concreto denuncian que lo que en realidad se pretend\u00eda con la expropiaci\u00f3n del solar era venderlo para que se levantara un bloque de viviendas.<\/p>\n<p>La familia, junto a la Asamblea Popular de Tetu\u00e1n y la asociaci\u00f3n de vecinos San Nicol\u00e1s-Dehesa de la Villa, ha conmemorado la efem\u00e9ride con un evento festivo y reivindicativo en el que han exigido justicia. Los vecinos han colocado varias decenas de girasoles entre los escombros, as\u00ed como varias pancartas de protesta.<\/p>\n<p>La sangr\u00eda, la tortilla de patatas y los bocadillos de embutido han servido de hermanamiento en un acto al que ha acudido la concejal de Tetu\u00e1n, Montserrat Galcer\u00e1n, que ha explicado ante los medios que ha acordado una reuni\u00f3n con la familia y el concejal de Desarrollo Urbano Sostenible, Jos\u00e9 Manuel Calvo, para intentar acordar una soluci\u00f3n.<\/p>\n<p>Mari \u00c1ngeles Gracia, hija del due\u00f1o del edificio demolido, ha explicado a este diario que a d\u00eda de hoy no han aceptado la indemnizaci\u00f3n que se les ofrec\u00eda desde el Consistorio (unos 400.000 euros), as\u00ed como la alternativa habitacional, consistente en un alquiler social a trav\u00e9s de la Empresa Municipal de Vivienda y Suelo.<\/p>\n","protected":false},"excerpt":{"rendered":"<p>Hace seis meses y dos d\u00edas se produc\u00eda el derribo del n\u00famero 29 de la calle Ofelia Nieto, en el distrito de Tetu\u00e1n. Con la entrada de la excavadora en lo que hoy es un solar lleno de escombros se pon\u00eda fin a una resistencia numantina de tres a\u00f1os en los que la familia Gracia-Gonz\u00e1lez [&hellip;]<\/p>\n","protected":false},"author":3,"featured_media":22230,"comment_status":"open","ping_status":"open","sticky":false,"template":"","format":"standard","meta":{"footnotes":""},"categories":[85],"tags":[],"class_list":["post-22229","post","type-post","status-publish","format-standard","has-post-thumbnail","hentry","category-espana"],"_links":{"self":[{"href":"https:\/\/2horizontes.com\/index.php?rest_route=\/wp\/v2\/posts\/22229","targetHints":{"allow":["GET"]}}],"collection":[{"href":"https:\/\/2horizontes.com\/index.php?rest_route=\/wp\/v2\/posts"}],"about":[{"href":"https:\/\/2horizontes.com\/index.php?rest_route=\/wp\/v2\/types\/post"}],"author":[{"embeddable":true,"href":"https:\/\/2horizontes.com\/index.php?rest_route=\/wp\/v2\/users\/3"}],"replies":[{"embeddable":true,"href":"https:\/\/2horizontes.com\/index.php?rest_route=%2Fwp%2Fv2%2Fcomments&post=22229"}],"version-history":[{"count":1,"href":"https:\/\/2horizontes.com\/index.php?rest_route=\/wp\/v2\/posts\/22229\/revisions"}],"predecessor-version":[{"id":22231,"href":"https:\/\/2horizontes.com\/index.php?rest_route=\/wp\/v2\/posts\/22229\/revisions\/22231"}],"wp:featuredmedia":[{"embeddable":true,"href":"https:\/\/2horizontes.com\/index.php?rest_route=\/wp\/v2\/media\/22230"}],"wp:attachment":[{"href":"https:\/\/2horizontes.com\/index.php?rest_route=%2Fwp%2Fv2%2Fmedia&parent=22229"}],"wp:term":[{"taxonomy":"category","embeddable":true,"href":"https:\/\/2horizontes.com\/index.php?rest_route=%2Fwp%2Fv2%2Fcategories&post=22229"},{"taxonomy":"post_tag","embeddable":true,"href":"https:\/\/2horizontes.com\/index.php?rest_route=%2Fwp%2Fv2%2Ftags&post=22229"}],"curies":[{"name":"wp","href":"https:\/\/api.w.org\/{rel}","templated":true}]}}