{"id":22226,"date":"2015-08-30T13:22:49","date_gmt":"2015-08-30T12:22:49","guid":{"rendered":"http:\/\/2horizontes.com\/?p=22226"},"modified":"2015-08-30T13:22:49","modified_gmt":"2015-08-30T12:22:49","slug":"manuela-carmena-no-hara-campana-con-pablo-iglesias","status":"publish","type":"post","link":"https:\/\/2horizontes.com\/?p=22226","title":{"rendered":"Manuela Carmena no har\u00e1 campa\u00f1a con Pablo Iglesias"},"content":{"rendered":"<p>Manuela Carmena tiene para Podemos un significado mucho m\u00e1s poderoso que ser la alcaldesa de Madrid. Es, ante todo, uno de los emblemas del \u00abcambio pol\u00edtico\u00bb que a menudo Pablo Iglesias presenta ante la opini\u00f3n p\u00fablica para sustentar un discurso ganador y de nueva pol\u00edtica.<\/p>\n<p>De hecho, ver al l\u00edder de Podemos apelar a los llamados \u00abalcaldes del cambio\u00bb -como la ex juez-, o arrimarse para la foto ha sido habitual desde las elecciones municipales de mayo. Sin embargo, parece que durante los comicios generales de este oto\u00f1o no habr\u00e1 un acto de campa\u00f1a conjunto entre Iglesias y la alcaldesa de Madrid. Carmena ha asegurado que no piensa participar en ning\u00fan mitin. Ni de Podemos, ni de nadie.<\/p>\n<p>Los partidos &#8216;sobran&#8217;<br \/>\nEn la entrevista en &#8216;La Naci\u00f3n&#8217;, Carmena hace una interesante reflexi\u00f3n sobre el futuro de los partidos en la que concluyen que \u00absobran\u00bb. \u00abPienso que los partidos como tales est\u00e1n acabando porque no tiene sentido que la democracia hoy se organice por estructuras tan absolutas que te definen todo\u00bb. Preguntada por c\u00f3mo hacerlo, plantea \u00abestablecer estructuras de por problemas y no por ideolog\u00edas, es decir, ver qu\u00e9 queremos solucionar o mejorar, y ah\u00ed de pronto podemos encontrar una fragmentaci\u00f3n de ideas que a veces se encuentran y a veces se enfrentan\u00bb.<\/p>\n<p>Las declaraciones de la regidora madrile\u00f1a sorprenden m\u00e1s por la rotundidad que por el hecho en s\u00ed de desmarcarse de Podemos. Incluso antes de que ganara, ella ha sido siempre muy clara recalcando que no pertenece al partido de Iglesias, aunque es p\u00fablico y notorio que su aterrizaje en la candidatura de Ahora Madrid fue orquestado por Podemos.<\/p>\n<p>En concreto, por el acierto de Jes\u00fas Montero, l\u00edder municipal de la formaci\u00f3n morada, que puso los ojos en ella desde el primer momento y quien fue decisivo para convencerla. Eso, y que Esperanza Aguirre se presentara, como reconoci\u00f3 luego la alcaldesa.<\/p>\n<p>Pues bien, en una entrevista en el diario argentino La Naci\u00f3n, Carmena no s\u00f3lo se distancia de Podemos, con el que dice tener un v\u00ednculo \u00abmuy ligero, casi inexistente\u00bb, sino que asegura, categ\u00f3rica, que no asistir\u00e1 a los actos de campa\u00f1a de la formaci\u00f3n.<\/p>\n<p>Claro que no, entre otras cosas, porque he dicho que no soy una persona pol\u00edtica, he aceptado exclusivamente porque era necesario para la gesti\u00f3n municipal y me ha parecido que pod\u00eda ayudar a la gente joven a llegar a la pol\u00edtica, pero yo no tengo ninguna ambici\u00f3n ni me considero una polit\u00f3loga para decir lo que hay que hacer, no voy a tener ninguna participaci\u00f3n en la pol\u00edtica general\u00bb, dice \u00edntegramente en su respuesta.<\/p>\n<p>Una ausencia as\u00ed ser\u00eda un gran jarro de agua fr\u00eda para Podemos. Primero porque est\u00e1 poniendo a Carmena o Ada Colau como sus ejemplos, y de cuyos posibles \u00e9xitos quiere empaparse. Y, segundo, porque conf\u00eda en que las \u00abciudades del cambio\u00bb tengan un efecto dinamizador para el partido en estas elecciones, y contagie al resto.<\/p>\n","protected":false},"excerpt":{"rendered":"<p>Manuela Carmena tiene para Podemos un significado mucho m\u00e1s poderoso que ser la alcaldesa de Madrid. Es, ante todo, uno de los emblemas del \u00abcambio pol\u00edtico\u00bb que a menudo Pablo Iglesias presenta ante la opini\u00f3n p\u00fablica para sustentar un discurso ganador y de nueva pol\u00edtica. De hecho, ver al l\u00edder de Podemos apelar a los [&hellip;]<\/p>\n","protected":false},"author":3,"featured_media":22227,"comment_status":"open","ping_status":"open","sticky":false,"template":"","format":"standard","meta":{"footnotes":""},"categories":[85,43],"tags":[],"class_list":["post-22226","post","type-post","status-publish","format-standard","has-post-thumbnail","hentry","category-espana","category-politica"],"_links":{"self":[{"href":"https:\/\/2horizontes.com\/index.php?rest_route=\/wp\/v2\/posts\/22226","targetHints":{"allow":["GET"]}}],"collection":[{"href":"https:\/\/2horizontes.com\/index.php?rest_route=\/wp\/v2\/posts"}],"about":[{"href":"https:\/\/2horizontes.com\/index.php?rest_route=\/wp\/v2\/types\/post"}],"author":[{"embeddable":true,"href":"https:\/\/2horizontes.com\/index.php?rest_route=\/wp\/v2\/users\/3"}],"replies":[{"embeddable":true,"href":"https:\/\/2horizontes.com\/index.php?rest_route=%2Fwp%2Fv2%2Fcomments&post=22226"}],"version-history":[{"count":1,"href":"https:\/\/2horizontes.com\/index.php?rest_route=\/wp\/v2\/posts\/22226\/revisions"}],"predecessor-version":[{"id":22228,"href":"https:\/\/2horizontes.com\/index.php?rest_route=\/wp\/v2\/posts\/22226\/revisions\/22228"}],"wp:featuredmedia":[{"embeddable":true,"href":"https:\/\/2horizontes.com\/index.php?rest_route=\/wp\/v2\/media\/22227"}],"wp:attachment":[{"href":"https:\/\/2horizontes.com\/index.php?rest_route=%2Fwp%2Fv2%2Fmedia&parent=22226"}],"wp:term":[{"taxonomy":"category","embeddable":true,"href":"https:\/\/2horizontes.com\/index.php?rest_route=%2Fwp%2Fv2%2Fcategories&post=22226"},{"taxonomy":"post_tag","embeddable":true,"href":"https:\/\/2horizontes.com\/index.php?rest_route=%2Fwp%2Fv2%2Ftags&post=22226"}],"curies":[{"name":"wp","href":"https:\/\/api.w.org\/{rel}","templated":true}]}}