{"id":22183,"date":"2015-08-29T16:06:37","date_gmt":"2015-08-29T15:06:37","guid":{"rendered":"http:\/\/2horizontes.com\/?p=22183"},"modified":"2015-08-29T16:06:37","modified_gmt":"2015-08-29T15:06:37","slug":"muerte-del-exnuncio-en-r-d-pone-fin-al-primer-juicio-del-vaticano-por-pederastia","status":"publish","type":"post","link":"https:\/\/2horizontes.com\/?p=22183","title":{"rendered":"Muerte del exnuncio en R.D.  pone fin al primer juicio del Vaticano por pederastia"},"content":{"rendered":"<div id=\"ArticleAuthorDiv\" class=\"article-body-author\"><b>AFP | Fanny Carrier<\/b><\/div>\n<div id=\"ArticleSourceDiv\" class=\"article-body-author\"><\/div>\n<div id=\"ArticleBody\">\n<p>El exnuncio en Rep\u00fablica Dominicana, el polaco Josef Wesolowski, acusado de pederastia, falleci\u00f3 en la madrugada de ayer poniendo fin de forma abrupta al primer juicio en el Vaticano por abuso sexual a menores.<\/p>\n<p>\u00abEsta ma\u00f1ana al amanecer, monse\u00f1or Josef Wesolowski fue hallado muerto en su domicilio en el Vaticano\u00bb, anunci\u00f3 la Santa Sede en un comunicado, en el que habl\u00f3 de \u00abcausas naturales\u00bb e indic\u00f3 que se realizar\u00e1 una autopsia durante la jornada del viernes.<\/p>\n<p>El diplom\u00e1tico, de 67 a\u00f1os, que fue embajador de la Santa Sede en Santo Domingo, sufr\u00eda problemas de salud no especificados.<\/p>\n<p>\u00abUn franciscano del Colegio de Penitenciario lo hall\u00f3 muerto delante de la televisi\u00f3n prendida hacia las cinco de la ma\u00f1ana\u00bb, asegur\u00f3 Ciro Bendettini, vicedirector de la Oficina de Prensa del Vaticano.<\/p>\n<p>Wesolowski hab\u00eda ingresado en el hospital en julio pasado, un d\u00eda antes de la apertura de su juicio.<\/p>\n<p>Entonces se sospech\u00f3 de un suicidio ya que fuentes no oficiales del hospital romano Gemelli donde estaba internado aseguraron a la prensa italiana que hab\u00eda sido hospitalizado tras haber ingerido una mezcla de medicamentos y alcohol.<\/p>\n<p>Wesolowski no hab\u00eda aparecido en p\u00fablico desde la publicaci\u00f3n en la prensa de informaciones seg\u00fan las cuales habr\u00eda tenido relaciones sexuales pagadas con menores en un barrio de Santo Domingo.<\/p>\n<p>La Congregaci\u00f3n para la Doctrina de la Fe lo juzg\u00f3 y sancion\u00f3 por estos actos en junio de 2014, y lo conden\u00f3 a colgar los h\u00e1bitos y volver al estado laico, la pena m\u00e1xima para un prelado.<\/p>\n<p>Pero el papa Francisco tambi\u00e9n orden\u00f3 un juicio penal, una primicia en el Vaticano, por lo que Wesolowski fue detenido y puesto bajo arresto domiciliario en septiembre de 2014, a la espera de su juicio.<\/p>\n<p>En diciembre obtuvo una mayor libertad de movimiento en el interior del Estado vaticano por motivos de salud. El 10 de julio fue ingresado en cuidados intensivos en Roma debido a un empeoramiento de su estado.<\/p>\n<p>Un d\u00eda despu\u00e9s se inici\u00f3 su juicio en ausencia en el tribunal del Vaticano.<\/p>\n<p><strong>&#8211; L\u00ednea m\u00e1s dura &#8211;<\/strong><br \/>\nJuzgado por actos pederastas con ni\u00f1os de entre 13 y 16 a\u00f1os en Santo Domingo y por posesi\u00f3n y encubrimiento de \u00abuna cantidad importante\u00bb de fotograf\u00edas de contenido pedopornogr\u00e1fico descargadas de internet en la Santa Sede, se enfrentaba a entre seis y siete a\u00f1os de prisi\u00f3n, sin contar con posibles circunstancias agravantes.<\/p>\n<p>Seg\u00fan la p\u00e1gina web Vatican Insider del diario La Stampa, Wesolowski abandon\u00f3 el hospital el 17 de julio y regres\u00f3 a su peque\u00f1a vivienda en el palacio de justicia del Vaticano.<\/p>\n<p>De esta manera, el que iba a ser un juicio simb\u00f3lico apenas habr\u00e1 durado siete minutos: lo que se tard\u00f3, el 11 de julio, en leer los cargos contra \u00e9l, constatar la ausencia del acusado y posponer la audiencia de forma indefinida.<\/p>\n<p>El proceso habr\u00eda ilustrado la l\u00ednea m\u00e1s dura del Vaticano para enfrentar el flagelo de los abusos ped\u00f3filos, principalmente en los a\u00f1os 1960-1980. Las revelaciones al respecto en los \u00faltimos 15 a\u00f1os desacreditaron a la iglesia.<\/p>\n<p>La Santa Sede anunci\u00f3 en junio la creaci\u00f3n de una nueva instancia eclesi\u00e1stica para sancionar a los obispos culpables de negligencia -a saber, de complicidad- con los curas bajo su autoridad.<\/p>\n<p>Adem\u00e1s, una comisi\u00f3n de expertos internacionales ayuda desde hace un a\u00f1o al papa a encontrar medios para evitar los abusos pederastas.<\/p>\n<p>Las asociaciones de v\u00edctimas reprochan a la Iglesia, no obstante, que no va suficientemente lejos.<\/p>\n<p>Wesolowski lleg\u00f3 como nuncio en 2008 a Rep\u00fablica Dominicana, donde la prensa local lo acus\u00f3 en el verano de 2013 de haber acudido a menores prostituidos.<\/p>\n<p>En agosto de ese a\u00f1o fue llamado de urgencia por el Vaticano, que rechaz\u00f3 su extradici\u00f3n a Polonia en enero.<\/p>\n<\/div>\n<div><\/div>\n<p>&nbsp;<\/p>\n","protected":false},"excerpt":{"rendered":"<p>AFP | Fanny Carrier El exnuncio en Rep\u00fablica Dominicana, el polaco Josef Wesolowski, acusado de pederastia, falleci\u00f3 en la madrugada de ayer poniendo fin de forma abrupta al primer juicio en el Vaticano por abuso sexual a menores. \u00abEsta ma\u00f1ana al amanecer, monse\u00f1or Josef Wesolowski fue hallado muerto en su domicilio en el Vaticano\u00bb, anunci\u00f3 [&hellip;]<\/p>\n","protected":false},"author":7,"featured_media":22184,"comment_status":"open","ping_status":"open","sticky":false,"template":"","format":"standard","meta":{"footnotes":""},"categories":[40,44],"tags":[],"class_list":["post-22183","post","type-post","status-publish","format-standard","has-post-thumbnail","hentry","category-internacionales","category-republica-dominicana"],"_links":{"self":[{"href":"https:\/\/2horizontes.com\/index.php?rest_route=\/wp\/v2\/posts\/22183","targetHints":{"allow":["GET"]}}],"collection":[{"href":"https:\/\/2horizontes.com\/index.php?rest_route=\/wp\/v2\/posts"}],"about":[{"href":"https:\/\/2horizontes.com\/index.php?rest_route=\/wp\/v2\/types\/post"}],"author":[{"embeddable":true,"href":"https:\/\/2horizontes.com\/index.php?rest_route=\/wp\/v2\/users\/7"}],"replies":[{"embeddable":true,"href":"https:\/\/2horizontes.com\/index.php?rest_route=%2Fwp%2Fv2%2Fcomments&post=22183"}],"version-history":[{"count":1,"href":"https:\/\/2horizontes.com\/index.php?rest_route=\/wp\/v2\/posts\/22183\/revisions"}],"predecessor-version":[{"id":22185,"href":"https:\/\/2horizontes.com\/index.php?rest_route=\/wp\/v2\/posts\/22183\/revisions\/22185"}],"wp:featuredmedia":[{"embeddable":true,"href":"https:\/\/2horizontes.com\/index.php?rest_route=\/wp\/v2\/media\/22184"}],"wp:attachment":[{"href":"https:\/\/2horizontes.com\/index.php?rest_route=%2Fwp%2Fv2%2Fmedia&parent=22183"}],"wp:term":[{"taxonomy":"category","embeddable":true,"href":"https:\/\/2horizontes.com\/index.php?rest_route=%2Fwp%2Fv2%2Fcategories&post=22183"},{"taxonomy":"post_tag","embeddable":true,"href":"https:\/\/2horizontes.com\/index.php?rest_route=%2Fwp%2Fv2%2Ftags&post=22183"}],"curies":[{"name":"wp","href":"https:\/\/api.w.org\/{rel}","templated":true}]}}