{"id":22180,"date":"2015-08-29T16:00:52","date_gmt":"2015-08-29T15:00:52","guid":{"rendered":"http:\/\/2horizontes.com\/?p=22180"},"modified":"2015-08-29T16:00:52","modified_gmt":"2015-08-29T15:00:52","slug":"la-presidente-de-brasil-dilma-rousseff-enfrenta-amenaza-de-juicio-politico","status":"publish","type":"post","link":"https:\/\/2horizontes.com\/?p=22180","title":{"rendered":"La presidente de Brasil Dilma Rousseff enfrenta amenaza de juicio pol\u00edtico"},"content":{"rendered":"<div id=\"ArticleAuthorDiv\" class=\"article-body-author\"><b>AP<\/b><\/div>\n<div id=\"ArticleSourceDiv\" class=\"article-body-author\"><b>R\u00edo de Janeiro<\/b><\/div>\n<div id=\"ArticleBody\">\n<p>Si la crisis econ\u00f3mica m\u00e1s grave en una d\u00e9cada, sumada a un enorme esc\u00e1ndalo de corrupci\u00f3n en su partido gobernante y a un baj\u00edsimo \u00edndice de aprobaci\u00f3n no fueran problema suficiente para la presidenta de Brasil, Dilma Rousseff, ahora tiene que enfrentar a un rival iracundo que controla la posibilidad de iniciarle juicio pol\u00edtico.<\/p>\n<p>Eduardo Cunha, el poderoso presidente de la c\u00e1mara de Brasil, enemigo jurado de Rousseff, ha sido acusado por la procuradur\u00eda general de aceptar millones de d\u00f3lares en sobornos en el creciente esc\u00e1ndalo de corrupci\u00f3n de la petrolera estatal Petrobras.<\/p>\n<p>Tambi\u00e9n es la persona que podr\u00eda someter a votaci\u00f3n el que se adelante un juicio pol\u00edtico contra la mandataria en la C\u00e1mara de Diputados, algo que los dos tercios de los brasile\u00f1os quieren que suceda de acuerdo con recientes encuestas.<\/p>\n<p>\u00abDilma est\u00e1 caminando sobre la cuerda floja sin red de protecci\u00f3n\u00bb, dijo Eliane Cantanhede, una de las analistas pol\u00edticas m\u00e1s reconocidos de Brasil que escribe en el diario Estado de S. Paulo y la cadena de televisi\u00f3n Globo. \u00abNadie sabe lo que Cunha va a hacer, y esta situaci\u00f3n es un arma de doble filo para Dilma\u00bb.<\/p>\n<p>Cunha, un confeso obstruccionista de importantes reformas econ\u00f3micas y pol\u00edticas que Rousseff busca aprobar en el Congreso, se debilit\u00f3 luego que fiscales federales lo acusaran la semana pasada de corrupci\u00f3n, lo que \u00abpuede ser bueno para Dilma, ya que est\u00e1 perdiendo el respaldo pol\u00edtico que ten\u00eda para sacar adelante el juicio pol\u00edtico\u00bb, dijo Cantanhede.<\/p>\n<p>\u00abPero como es una figura debilitada, tambi\u00e9n se convierte en un terrorista suicida de car\u00e1cter pol\u00edtico, porque nadie sabe lo que va a decir los fiscales\u00bb, agreg\u00f3. \u00abNadie sabe lo que \u00e9l sabe\u00bb.<\/p>\n<p>Hace unos meses, la mayor\u00eda de los analistas dec\u00edan que la amenaza de un juicio pol\u00edtico en contra de Rousseff era una remota posibilidad.<\/p>\n<p>Rousseff no ha sido acusada de cometer irregularidades en la investigaci\u00f3n de Petrobras, en la que decenas de diputados federales, senadores y otras figuras pol\u00edticas se encuentran bajo investigaci\u00f3n, junto con algunos presidentes de las principales empresas de construcci\u00f3n e ingenier\u00eda de Brasil, que se encuentran encarcelados.<\/p>\n<p>Los fiscales argumentan que el monto de los sobornos asciende aproximadamente a 2.000 mil millones de d\u00f3lares en coimas pagadas por empresas privadas a cambio de la adjudicaci\u00f3n de contratos de construcci\u00f3n durante m\u00e1s de una d\u00e9cada que, adem\u00e1s, estaban estrafalariamente inflados.<\/p>\n<p>Con una econom\u00eda en recesi\u00f3n, un aumento en la inflaci\u00f3n y el desempleo, Rousseff lleva a cuestas el peor \u00edndice de aprobaci\u00f3n que cualquier presidente brasilero haya tenido desde que el pa\u00eds volviera a la democracia en 1985.<\/p>\n<p>Adem\u00e1s, un alto tribunal federal est\u00e1 investigando si la mandataria us\u00f3 dinero ilegalmente de bancos estatales para tapar huecos presupuestales en 2014, mientras que un alto tribunal electoral investiga si utiliz\u00f3 parte de los sobornos de Petrobras para financiar su campa\u00f1a reeleccionista del a\u00f1o pasado, que gan\u00f3 por un estrecho margen.<\/p>\n<p>Si se comprueba que Rousseff cometi\u00f3 una irregularidad en cualquiera de estos casos, de inmediato se abre un camino legal para sus oponentes inicien el juicio pol\u00edtico que puede desembocar en una destituci\u00f3n de la mandataria en el Congreso.<\/p>\n<p>\u00abEn este momento, yo dir\u00eda que existe un 50\/50 de probabilidad de que el juicio pol\u00edtico inicie\u00bb, dijo Marcos Troyjo, profesor de relaciones internacionales en la Universidad de Columbia que maneja el Center on Global Economic Governance en R\u00edo y es un ex diplom\u00e1tico brasile\u00f1o. \u00abY si me preguntas ma\u00f1ana, las posibilidades de que el juicio pol\u00edtico ocurra pueden aumentar\u00bb.<\/p>\n<p>El \u00abelemento m\u00e1s importante que puede determinar si el juicio pol\u00edtico avanza\u00bb es lo que suceda con Cunha, dijo Troyjo.<\/p>\n<p>Cunha tiene dos semanas para presentar sus descargos ante la Corte Suprema de Justicia de Brasil, el \u00fanico tribunal que puede decidir si va a juicio por las acusaciones presentadas por el Fiscal General Rodrigo Janot. Aun as\u00ed, Cunha podr\u00eda permanecer en el cargo a\u00fan si es encontrado culpable, pues el fallo definitivo podr\u00eda tomar muchos a\u00f1os.<\/p>\n<p>Si permanece como l\u00edder de la mayor\u00eda de la C\u00e1mara de Representantes pero enfrenta un juicio, su capital pol\u00edtico est\u00e1 tan disminuido que es poco probable que pueda conseguir los votos para que inicie el juicio pol\u00edtico de destituci\u00f3n, dicen analistas a la AP, se\u00f1alando que Rousseff puede querer que Cunha siga en su cargo, expuesto a las acusaciones y la impopularidad, el mayor tiempo posible. Pero si renuncia, presionado por su propio partido, el Partido Movimiento Democr\u00e1tico, conocido como el PMDB, podr\u00eda ser peor para Rousseff.<\/p>\n<p>El vicepresidente de Rousseff, Michel Temer, es el l\u00edder del PMDB, un poderoso partido que ha sido el catalizador de la coalici\u00f3n pol\u00edtica del gobernante Partido de los Trabajadores desde 2003, pero cuyos miembros quieren que abandone la coalici\u00f3n. En este r\u00edo revuelto, el PMDB ve una oportunidad de oro para quedarse con la presidencia en 2018, o, lo que es m\u00e1s peligroso para Rousseff, quedarse con la primera magistratura ahora, ya que su juicio pol\u00edtico pondr\u00eda a Temer en la presidencia del pa\u00eds.<\/p>\n<p>Columnistas pol\u00edticos han especulado diciendo que Temer ambiciona la presidencia pese a que \u00e9l lo ha negado p\u00fablicamente. Pero un anuncio esta semana en el sentido en que dejar\u00eda de actuar como interlocutor entre su jefe, Rousseff, con el Congreso, aliment\u00f3 a\u00fan m\u00e1s las especulaciones period\u00edsticas.<\/p>\n<p>\u00abSi Cunha es separado de su cargo, otro representante podr\u00eda ser nombrado l\u00edder y podr\u00eda convertirse en una figura mucha m\u00e1s opositora a Dilma y, ??en ese caso, se podr\u00edan alinear las fuerzas\u00bb en contra de la mandataria, dijo Troyjo. \u00abTendr\u00edas a un l\u00edder de la C\u00e1mara dispuesto y capaz de iniciar el juicio pol\u00edtico y un vicepresidente que ha decidido que quiere gobernar el pa\u00eds en los pr\u00f3ximos tres a\u00f1os\u00bb.<\/p>\n<p>Rousseff tiene a su favor a muchos sectores poderosos de la sociedad que est\u00e1n empezando a creer que un juicio pol\u00edtico generar\u00eda un entorno econ\u00f3mico mucho m\u00e1s complicado, que se ver\u00eda francamente deteriorado con el tropez\u00f3n de la econom\u00eda China, la ca\u00edda del precio del petr\u00f3leo y de otros productos b\u00e1sicos importantes para Brasil.<\/p>\n<p>Los peri\u00f3dicos m\u00e1s grandes de Brasil \u2014 la Folha de S. Paulo y O Globo \u2014 han publicado editoriales en contra el juicio pol\u00edtico, salvo que Rousseff sea encontrada culpable de alg\u00fan delito, y han vaticinado una destrucci\u00f3n econ\u00f3mica, pol\u00edtica y social del pa\u00eds si Rousseff se cae.<\/p>\n<p>Un juicio pol\u00edtico basado en \u00abrazones banales crear\u00eda inestabilidad interna y empa\u00f1ar\u00eda la imagen de la naci\u00f3n que, a los ojos de la comunidad internacional, cree que Brasil, en teor\u00eda, ya super\u00f3 su fase de &#8216;Banana Republic\u00bb&#8217;, dijo Folha de S. Paulo en un editorial esta semana.<\/p>\n<p>Uno de los empresarios m\u00e1s influyentes de Brasil, Roberto Setubal, cabeza del banco privado m\u00e1s grande del pa\u00eds, Ita\u00fa Unibanco, concedi\u00f3 una entrevista a Folha y dijo que si Rousseff se retira del cargo \u00abser\u00eda terrible para el pa\u00eds\u00bb.<\/p>\n<p>\u00abPor lo que he visto hasta ahora, no hay una raz\u00f3n de peso para que se adelante un juicio pol\u00edtico\u00bb, agreg\u00f3. \u00abPor el contrario, lo que vemos es que Dilma ha permitido una investigaci\u00f3n total\u00bb de la corrupci\u00f3n en Petrobras. \u00abNo hace mucho habr\u00eda sido dif\u00edcil imaginar una investigaci\u00f3n independiente en Brasil. Dilma merece el cr\u00e9dito por esto\u00bb.<\/p>\n<\/div>\n","protected":false},"excerpt":{"rendered":"<p>AP R\u00edo de Janeiro Si la crisis econ\u00f3mica m\u00e1s grave en una d\u00e9cada, sumada a un enorme esc\u00e1ndalo de corrupci\u00f3n en su partido gobernante y a un baj\u00edsimo \u00edndice de aprobaci\u00f3n no fueran problema suficiente para la presidenta de Brasil, Dilma Rousseff, ahora tiene que enfrentar a un rival iracundo que controla la posibilidad de [&hellip;]<\/p>\n","protected":false},"author":7,"featured_media":22181,"comment_status":"open","ping_status":"open","sticky":false,"template":"","format":"standard","meta":{"footnotes":""},"categories":[40,43],"tags":[],"class_list":["post-22180","post","type-post","status-publish","format-standard","has-post-thumbnail","hentry","category-internacionales","category-politica"],"_links":{"self":[{"href":"https:\/\/2horizontes.com\/index.php?rest_route=\/wp\/v2\/posts\/22180","targetHints":{"allow":["GET"]}}],"collection":[{"href":"https:\/\/2horizontes.com\/index.php?rest_route=\/wp\/v2\/posts"}],"about":[{"href":"https:\/\/2horizontes.com\/index.php?rest_route=\/wp\/v2\/types\/post"}],"author":[{"embeddable":true,"href":"https:\/\/2horizontes.com\/index.php?rest_route=\/wp\/v2\/users\/7"}],"replies":[{"embeddable":true,"href":"https:\/\/2horizontes.com\/index.php?rest_route=%2Fwp%2Fv2%2Fcomments&post=22180"}],"version-history":[{"count":1,"href":"https:\/\/2horizontes.com\/index.php?rest_route=\/wp\/v2\/posts\/22180\/revisions"}],"predecessor-version":[{"id":22182,"href":"https:\/\/2horizontes.com\/index.php?rest_route=\/wp\/v2\/posts\/22180\/revisions\/22182"}],"wp:featuredmedia":[{"embeddable":true,"href":"https:\/\/2horizontes.com\/index.php?rest_route=\/wp\/v2\/media\/22181"}],"wp:attachment":[{"href":"https:\/\/2horizontes.com\/index.php?rest_route=%2Fwp%2Fv2%2Fmedia&parent=22180"}],"wp:term":[{"taxonomy":"category","embeddable":true,"href":"https:\/\/2horizontes.com\/index.php?rest_route=%2Fwp%2Fv2%2Fcategories&post=22180"},{"taxonomy":"post_tag","embeddable":true,"href":"https:\/\/2horizontes.com\/index.php?rest_route=%2Fwp%2Fv2%2Ftags&post=22180"}],"curies":[{"name":"wp","href":"https:\/\/api.w.org\/{rel}","templated":true}]}}