{"id":22066,"date":"2015-08-28T17:41:30","date_gmt":"2015-08-28T16:41:30","guid":{"rendered":"http:\/\/2horizontes.com\/?p=22066"},"modified":"2015-08-28T17:41:30","modified_gmt":"2015-08-28T16:41:30","slug":"muere-en-accidente-de-transito-hijo-de-la-merenguera-la-india-canela","status":"publish","type":"post","link":"https:\/\/2horizontes.com\/?p=22066","title":{"rendered":"Muere en accidente de tr\u00e1nsito hijo de la merenguera \u00abLa India Canela\u00bb"},"content":{"rendered":"<p><strong>RD-Santiago.<\/strong>-H\u00e1ndel\u00a0\u00a0Guti\u00e9rrez, hijo de la cantante t\u00edpica\u00a0\u00a0Mery Hern\u00e1ndez (La India Canela) y el empresario Arnulfo Guti\u00e9rrez, muri\u00f3 la madrugada de este viernes durante un accidente de tr\u00e1nsito.<\/p>\n<p>Guti\u00e9rrez, de 21 a\u00f1os de edad se desplazaba en una yipeta, color blanco\u00a0BMW X6, por la carretera de Gurabo cuando se accident\u00f3.<\/p>\n<p>Junto a Guti\u00e9rrez fueron ingresadas tres personas, incluido dos mujeres, que viajaban en el veh\u00edculo.<\/p>\n<p>&nbsp;<\/p>\n","protected":false},"excerpt":{"rendered":"<p>RD-Santiago.-H\u00e1ndel\u00a0\u00a0Guti\u00e9rrez, hijo de la cantante t\u00edpica\u00a0\u00a0Mery Hern\u00e1ndez (La India Canela) y el empresario Arnulfo Guti\u00e9rrez, muri\u00f3 la madrugada de este viernes durante un accidente de tr\u00e1nsito. Guti\u00e9rrez, de 21 a\u00f1os de edad se desplazaba en una yipeta, color blanco\u00a0BMW X6, por la carretera de Gurabo cuando se accident\u00f3. Junto a Guti\u00e9rrez fueron ingresadas tres personas, [&hellip;]<\/p>\n","protected":false},"author":8,"featured_media":22067,"comment_status":"open","ping_status":"open","sticky":false,"template":"","format":"standard","meta":{"footnotes":""},"categories":[44,45],"tags":[],"class_list":["post-22066","post","type-post","status-publish","format-standard","has-post-thumbnail","hentry","category-republica-dominicana","category-salud"],"_links":{"self":[{"href":"https:\/\/2horizontes.com\/index.php?rest_route=\/wp\/v2\/posts\/22066","targetHints":{"allow":["GET"]}}],"collection":[{"href":"https:\/\/2horizontes.com\/index.php?rest_route=\/wp\/v2\/posts"}],"about":[{"href":"https:\/\/2horizontes.com\/index.php?rest_route=\/wp\/v2\/types\/post"}],"author":[{"embeddable":true,"href":"https:\/\/2horizontes.com\/index.php?rest_route=\/wp\/v2\/users\/8"}],"replies":[{"embeddable":true,"href":"https:\/\/2horizontes.com\/index.php?rest_route=%2Fwp%2Fv2%2Fcomments&post=22066"}],"version-history":[{"count":1,"href":"https:\/\/2horizontes.com\/index.php?rest_route=\/wp\/v2\/posts\/22066\/revisions"}],"predecessor-version":[{"id":22068,"href":"https:\/\/2horizontes.com\/index.php?rest_route=\/wp\/v2\/posts\/22066\/revisions\/22068"}],"wp:featuredmedia":[{"embeddable":true,"href":"https:\/\/2horizontes.com\/index.php?rest_route=\/wp\/v2\/media\/22067"}],"wp:attachment":[{"href":"https:\/\/2horizontes.com\/index.php?rest_route=%2Fwp%2Fv2%2Fmedia&parent=22066"}],"wp:term":[{"taxonomy":"category","embeddable":true,"href":"https:\/\/2horizontes.com\/index.php?rest_route=%2Fwp%2Fv2%2Fcategories&post=22066"},{"taxonomy":"post_tag","embeddable":true,"href":"https:\/\/2horizontes.com\/index.php?rest_route=%2Fwp%2Fv2%2Ftags&post=22066"}],"curies":[{"name":"wp","href":"https:\/\/api.w.org\/{rel}","templated":true}]}}