{"id":22037,"date":"2015-08-28T14:41:50","date_gmt":"2015-08-28T13:41:50","guid":{"rendered":"http:\/\/2horizontes.com\/?p=22037"},"modified":"2015-08-28T14:41:50","modified_gmt":"2015-08-28T13:41:50","slug":"el-macabro-hallazgo-de-decenas-de-migrantes-muertos-en-un-camion-en-austria","status":"publish","type":"post","link":"https:\/\/2horizontes.com\/?p=22037","title":{"rendered":"El macabro hallazgo de decenas de migrantes muertos en un cami\u00f3n en Austria"},"content":{"rendered":"<p class=\"story-body__introduction\">El cami\u00f3n ten\u00eda el logotipo de una empresa av\u00edcola, pero su carga real era mucho m\u00e1s macabra: decenas de cad\u00e1veres en descomposici\u00f3n, presumiblemente migrantes.<\/p>\n<p>En total <strong>71 personas, entre ellas ocho mujeres y cuatro ni\u00f1os<\/strong>, confirmaron este viernes las autoridades austr\u00edacas.<\/p>\n<p>Un documento de viaje encontrado entre los cuerpos en descomposici\u00f3n hace creer que <strong>se trataba de refugiados provenientes de Siria.<\/strong><\/p>\n<p><strong>\u00abHab\u00eda un beb\u00e9, una ni\u00f1a de uno o dos a\u00f1os\u00bb<\/strong>, dijo en conferencia de prensa el comandante de la polic\u00eda de Bungerland Hans Peter Doskozil.<\/p>\n<p>Seg\u00fan Dokozil, todo indica que <strong>murieron asfixiados.<\/strong><\/p>\n<h2 class=\"story-body__crosshead\">Muertos desde hace d\u00edas<\/h2>\n<p>La polic\u00eda austr\u00edaca encontr\u00f3 los cad\u00e1veres cerca de la frontera con Hungr\u00eda a las 6:00 am del jueves, pero el <strong>estado de descomposici\u00f3n de los cuerpos<\/strong> sugiere que hab\u00edan muerto al menos un d\u00eda antes.<\/p>\n<p>C\u00e1maras h\u00fangaras hab\u00edan detectado al veh\u00edculo de su lado de la frontera a las 9:00 de la ma\u00f1ana del d\u00eda anterior y<strong> tres personas ya fueron arrestadas<\/strong> en ese pa\u00eds en relaci\u00f3n con el caso.<\/p>\n<figure class=\"media-landscape no-caption full-width\"><span class=\"image-and-copyright-container\"><img loading=\"lazy\" decoding=\"async\" class=\"js-image-replace\" src=\"http:\/\/ichef-1.bbci.co.uk\/news\/ws\/624\/amz\/worldservice\/live\/assets\/images\/2015\/08\/28\/150828131217_vienna_budapest_624_spanish.png\" alt=\"Mapa \" width=\"624\" height=\"351\" \/><span class=\"off-screen\">Image copyright<\/span><span class=\"story-image-copyright\">BBC World Service<\/span><\/span><\/figure>\n<p>\u00abCreemos que uno de los perpetradores, un ciudadano b\u00falgaro de origen liban\u00e9s, es la persona a cuyo nombre est\u00e1 registrado el cami\u00f3n\u00bb, detall\u00f3 Doskozil.<\/p>\n<p>\u00abCreemos que los otros dos perpetradores que fueron arrestados, otro ciudadano b\u00falgaro y una persona con un documento de identificaci\u00f3n h\u00fangaro, muy probablemente condujeron el cami\u00f3n\u00bb, agreg\u00f3 el polic\u00eda austr\u00edaco.<\/p>\n<figure class=\"media-landscape has-caption full-width\"><span class=\"image-and-copyright-container\"><img loading=\"lazy\" decoding=\"async\" class=\"js-image-replace\" src=\"http:\/\/ichef.bbci.co.uk\/news\/ws\/624\/amz\/worldservice\/live\/assets\/images\/2015\/08\/28\/150828034158_forenses_2.jpg\" alt=\"Forenses, Austria\" width=\"624\" height=\"351\" \/><span class=\"off-screen\">Image copyright<\/span><span class=\"story-image-copyright\">BBC World Service<\/span><\/span><figcaption class=\"media-caption\"><span class=\"off-screen\">Image caption<\/span><span class=\"media-caption__text\">Tres personas, entre ellas el due\u00f1o oficial del cami\u00f3n, ya fueron arrestadas.<\/span><\/figcaption><\/figure>\n<p>Las autoridades dijeron estar conscientes de que los tres capturados muy probablemente ocupaban el escal\u00f3n m\u00e1s bajo de una banda de traficantes de personas.<\/p>\n<p>Pero dijeron confiar en que su captura conducir\u00e1 al arresto de los peces m\u00e1s grandes.<\/p>\n<h2 class=\"story-body__crosshead\">Problema europeo<\/h2>\n<p>Seg\u00fan un portavoz del primer ministro de Hungr\u00eda, la polic\u00eda h\u00fangara trabaja con la austriaca en la investigaci\u00f3n.<\/p>\n<p>El cami\u00f3n ten\u00eda el logotipo de la empresa av\u00edcola eslovaca Hyza, pero esta aclar\u00f3 en un comunicado que el veh\u00edculo ya no le pertenec\u00eda, solo que los nuevos propietarios no hab\u00edan removido la marca.<\/p>\n<figure class=\"media-landscape has-caption full-width\"><span class=\"image-and-copyright-container\"><img loading=\"lazy\" decoding=\"async\" class=\"js-image-replace\" src=\"http:\/\/ichef-1.bbci.co.uk\/news\/ws\/624\/amz\/worldservice\/live\/assets\/images\/2015\/08\/28\/150828034158_forenses.jpg\" alt=\"Forenses, Austria\" width=\"624\" height=\"351\" \/><span class=\"off-screen\">Image copyright<\/span><span class=\"story-image-copyright\">BBC World Service<\/span><\/span><figcaption class=\"media-caption\"><span class=\"off-screen\">Image caption<\/span><span class=\"media-caption__text\">La polic\u00eda cree que las personas murieron antes de que el cami\u00f3n ingresara en territorio austriaco.<\/span><\/figcaption><\/figure>\n<p>El macabro hallazgo se produjo en tierras austr\u00edacas justo cuando en la capital, Viena, se lleva a cabo la <strong>Conferencia de los Balcanes<\/strong> sobre el problema que enfrenta Europa con la migraci\u00f3n.<\/p>\n<p>Recientemente,<strong> miles de migrantes de pa\u00edses afectados por conflictos en Medio Oriente y \u00c1frica han tratado de llegar a Europ<\/strong>a.<\/p>\n<p><strong>Tan s\u00f3lo el mes pasado se registr\u00f3 el ingreso de 107.500 personas<\/strong> en territorio europeo.<\/p>\n<p>Y el canciller de Austria, Werner Faymann, dijo que la tragedia demuestra una vez m\u00e1s <strong>\u00ablo necesario que es salvar vidas luchando contra los delincuentes y traficantes de personas\u00bb<\/strong>.<\/p>\n<p>En la conferencia, representantes de Serbia y Macedonia dijeron que la Uni\u00f3n Europea debe elaborar un plan de acci\u00f3n para responder a la afluencia de migrantes a Europa.<\/p>\n<p>Austria se ha quejado que <strong>la Uni\u00f3n Europea no ha abordado el problema<\/strong> de las personas que entran a trav\u00e9s de los Balcanes.<\/p>\n<figure class=\"media-landscape has-caption full-width\"><span class=\"image-and-copyright-container\"><img loading=\"lazy\" decoding=\"async\" class=\"js-image-replace\" src=\"http:\/\/ichef.bbci.co.uk\/news\/ws\/624\/amz\/worldservice\/live\/assets\/images\/2015\/08\/28\/150828032203_sp_austria_dead_migrants_624x351_epa_nocredit.jpg\" alt=\"Austria, cami\u00f3n migrantes\" width=\"624\" height=\"351\" \/><span class=\"off-screen\">Image copyright<\/span><span class=\"story-image-copyright\">EPA<\/span><\/span><figcaption class=\"media-caption\"><span class=\"off-screen\">Image caption<\/span><span class=\"media-caption__text\">La empresa eslovaca Hyza dijo que el cami\u00f3n ya no le pertenec\u00eda.<\/span><\/figcaption><\/figure>\n<p>La canciller alemana, \u00c1ngela Merkel, dijo por su parte que hallazgo del jueves recuerda la necesidad de \u00ababordar el tema de la migraci\u00f3n con el esp\u00edritu europeo y encontrar soluciones\u00bb.<\/p>\n<p>La Organizaci\u00f3n Internacional para las Migraciones dijo el jueves que un estimado de 209,457 inmigrantes entr\u00f3 a Grecia entre el 1 de enero y el 25 de agosto de este a\u00f1o, casi cinco veces el n\u00famero total que lleg\u00f3 de 2014.<\/p>\n<p>Mientras tanto <strong>los migrantes contin\u00faan muriendo en su intento por llegar a Europa a trav\u00e9s de la ruta por el mar Mediterr\u00e1neo.<\/strong><\/p>\n<p>Los cuerpos de al menos 52 personas fueron encontrados el mi\u00e9rcoles en la bodega de un barco cerca de la costa de Libia.<\/p>\n<p>Lea tambi\u00e9n: Los 52 muertos por asfixia que nos recuerdan el drama de los migrantes en el Mediterr\u00e1neo<\/p>\n<figure class=\"media-landscape has-caption body-narrow-width\"><span class=\"image-and-copyright-container\"><img loading=\"lazy\" decoding=\"async\" class=\"js-image-replace\" src=\"http:\/\/ichef-1.bbci.co.uk\/news\/ws\/304\/amz\/worldservice\/live\/assets\/images\/2015\/08\/28\/150828033001_sp_austria_summit_304x171_epa_nocredit.jpg\" alt=\"Viena, Austria\" width=\"304\" height=\"171\" \/><span class=\"off-screen\">Image copyright<\/span><span class=\"story-image-copyright\">EPA<\/span><\/span><figcaption class=\"media-caption\"><span class=\"off-screen\">Image caption<\/span><span class=\"media-caption__text\">Representantes de varios pa\u00edses se reunieron el jueves en Viena en la Conferencia de los Balcanes sobre inmigraci\u00f3n.<\/span><\/figcaption><\/figure>\n<p>Y cerca de un centenar de migrantes murieron este viernes como resultado de dos nuevos naufragios en el Mediterr\u00e1neo, cerca de la ciudad libia de Zuwara.<\/p>\n<p>Al menos doscientos pasajeros contin\u00faan desaparecidos.<\/p>\n","protected":false},"excerpt":{"rendered":"<p>El cami\u00f3n ten\u00eda el logotipo de una empresa av\u00edcola, pero su carga real era mucho m\u00e1s macabra: decenas de cad\u00e1veres en descomposici\u00f3n, presumiblemente migrantes. En total 71 personas, entre ellas ocho mujeres y cuatro ni\u00f1os, confirmaron este viernes las autoridades austr\u00edacas. Un documento de viaje encontrado entre los cuerpos en descomposici\u00f3n hace creer que se [&hellip;]<\/p>\n","protected":false},"author":4,"featured_media":22038,"comment_status":"open","ping_status":"open","sticky":false,"template":"","format":"standard","meta":{"footnotes":""},"categories":[54,40,84],"tags":[],"class_list":["post-22037","post","type-post","status-publish","format-standard","has-post-thumbnail","hentry","category-emigrantes","category-internacionales","category-otras-noticias"],"_links":{"self":[{"href":"https:\/\/2horizontes.com\/index.php?rest_route=\/wp\/v2\/posts\/22037","targetHints":{"allow":["GET"]}}],"collection":[{"href":"https:\/\/2horizontes.com\/index.php?rest_route=\/wp\/v2\/posts"}],"about":[{"href":"https:\/\/2horizontes.com\/index.php?rest_route=\/wp\/v2\/types\/post"}],"author":[{"embeddable":true,"href":"https:\/\/2horizontes.com\/index.php?rest_route=\/wp\/v2\/users\/4"}],"replies":[{"embeddable":true,"href":"https:\/\/2horizontes.com\/index.php?rest_route=%2Fwp%2Fv2%2Fcomments&post=22037"}],"version-history":[{"count":1,"href":"https:\/\/2horizontes.com\/index.php?rest_route=\/wp\/v2\/posts\/22037\/revisions"}],"predecessor-version":[{"id":22039,"href":"https:\/\/2horizontes.com\/index.php?rest_route=\/wp\/v2\/posts\/22037\/revisions\/22039"}],"wp:featuredmedia":[{"embeddable":true,"href":"https:\/\/2horizontes.com\/index.php?rest_route=\/wp\/v2\/media\/22038"}],"wp:attachment":[{"href":"https:\/\/2horizontes.com\/index.php?rest_route=%2Fwp%2Fv2%2Fmedia&parent=22037"}],"wp:term":[{"taxonomy":"category","embeddable":true,"href":"https:\/\/2horizontes.com\/index.php?rest_route=%2Fwp%2Fv2%2Fcategories&post=22037"},{"taxonomy":"post_tag","embeddable":true,"href":"https:\/\/2horizontes.com\/index.php?rest_route=%2Fwp%2Fv2%2Ftags&post=22037"}],"curies":[{"name":"wp","href":"https:\/\/api.w.org\/{rel}","templated":true}]}}