{"id":22032,"date":"2015-08-28T14:31:48","date_gmt":"2015-08-28T13:31:48","guid":{"rendered":"http:\/\/2horizontes.com\/?p=22032"},"modified":"2015-08-28T15:33:31","modified_gmt":"2015-08-28T14:33:31","slug":"en-bracil-prohiben-paso-a-menores-pobres-y-negros-en-sus-playas-mas-famosas","status":"publish","type":"post","link":"https:\/\/2horizontes.com\/?p=22032","title":{"rendered":"En Brasil proh\u00edben paso a menores pobres y negros en sus playas m\u00e1s famosas"},"content":{"rendered":"<p>El pasado fin de semana la polic\u00eda militar de R\u00edo de Janeiro impidi\u00f3 que 160 j\u00f3venes de los suburbios de la zona norte de la ciudad llegasen a las famosas playas de Ipanema y Copacabana. Los j\u00f3venes, menores negros y pobres, viajaban con lo puesto en varios autobuses de l\u00ednea hasta la privilegiada zona sur carioca pero acabaron en el suelo de un furg\u00f3n policial, sin haber cometido ning\u00fan delito.<\/p>\n<p>La acci\u00f3n policial pretend\u00eda contener una nueva ola de robos en grupo, una pr\u00e1ctica que se repite peri\u00f3dicamente en las playas de Rio desde comienzos de la d\u00e9cada de los 90, pero la estrategia ha desatado otro esc\u00e1ndalo frecuente: el racismo institucional de las polic\u00edas brasile\u00f1as.<\/p>\n<p>El juez titular del Tribunal de Menores, Pedro Henrique Alves, y la Defensor\u00eda P\u00fablica de R\u00edo, el organismo que agrupa a los abogados de oficio, consider\u00f3 \u201cilegal\u201d la detenci\u00f3n. \u201cLa polic\u00eda solo puede detener a un adolescente si lo encuentra cometiendo un delito o si tiene una orden judicial fundamentada\u00bb, afirma la defensora p\u00fablica Eufrasia Souza das Virgens, que ha abierto un proceso contra el Estado por da\u00f1os morales.<\/p>\n<p>Mientras una parte de la sociedad se llevaba las manos a la cabeza, el gobernador de R\u00edo, Fernando Pez\u00e3o, defend\u00eda as\u00ed a los agentes: \u201cLa inteligencia de la polic\u00eda ha mapeado ese movimiento de menores desde su embarque en los autobuses. \u00bfCu\u00e1ntos asaltos han practicado esos menores? No digo que sean todos los que estaban ah\u00ed [en los autobuses], pero son muchos de ellos, que ya hab\u00edan sido detenidos m\u00e1s de cinco, ocho, diez o 15 veces\u201d.<\/p>\n<p>Los llamados <em>arrast\u00f5es<\/em>, como se ha bautizado en Brasil a ese tipo de asalto en pandillas en lugares p\u00fablicos muy concurridos, son habituales en las arenas de R\u00edo en d\u00edas de calor y amenazan la imagen paradis\u00edaca de dos de las playas m\u00e1s famosas del mundo a las puertas de los Juegos Ol\u00edmpicos de 2016.<\/p>\n<p>Los ladrones, algunos ni siquiera adolescentes, dan el golpe de varias maneras. Unos aprovechan el enorme grupo de amigos y conocidos con el que van a la playa para protegerse, se separan de ellos y recorren la arena en busca de ba\u00f1istas desprevenidos. Al volver se cambian los ba\u00f1adores entre ellos y dan a sus c\u00f3mplices el bot\u00edn. Otros, y esta es la t\u00e9cnica m\u00e1s llamativa y con la que cunde el p\u00e1nico en la arena, fingen peleas multitudinarias y aprovechan el tumulto para arrasar con todo lo que pueden. La polic\u00eda acaba entrando en la arena porra en mano y golpea a los j\u00f3venes que se cruzan en su camino, no siempre culpables. Las im\u00e1genes de esas intervenciones son impactantes e ilustran un violento juego del gato y el rat\u00f3n, con hamacas volando por los aires, en medio de miles de ba\u00f1istas aterrorizados.<\/p>\n<p>El Secretario de Seguridad P\u00fablica, Jos\u00e9 Mariano Beltrame, defensor de un discurso bastante progresista en un pa\u00eds que a\u00fan mantiene una polic\u00eda militarizada, quiso dar al episodio una dimensi\u00f3n social. \u201cLa polic\u00eda hizo un trabajo de prevenci\u00f3n, pero hay que contarle a la gente la situaci\u00f3n de vulnerabilidad en la que estaban estos j\u00f3venes. No se habla de racismo, no queremos decir que esos chicos iban a delinquir. La cuesti\u00f3n es que la libertad de ir y venir exige deberes. Estaban en el autob\u00fas sin haber pagado el billete. Uno sale de su casa que est\u00e1 a kil\u00f3metros de distancia sin comer y sin dinero. \u00bfC\u00f3mo pretende volver?\u201d, cuestion\u00f3 Beltrame. \u201cLo que est\u00e1 en juego es la vulnerabilidad de estas personas\u201d, complet\u00f3.<\/p>\n<p>Especialistas en seguridad y la propia defensora p\u00fablica se preguntan, entonces, por qu\u00e9 el control no est\u00e1 en manos de asistentes sociales en vez de en las de hombres armados. \u201cEs una acci\u00f3n absurda, desastrosa y escandalosa, una expresi\u00f3n del racismo en Brasil, muy com\u00fan en su polic\u00eda, y que cuenta con la autorizaci\u00f3n t\u00e1cita de la sociedad\u201d, critica el antrop\u00f3logo Luiz Eduardo Soares, coordinador de seguridad y justicia en R\u00edo en 1999 y secretario nacional de Seguridad P\u00fablica en 2003.<\/p>\n<p>Soares recuerda c\u00f3mo los cariocas vivieron la democratizaci\u00f3n de sus playas al comienzo de los a\u00f1os 80, un lugar hasta entonces reservado principalmente a la \u00e9lite blanca y los vecinos de las favelas de la zona sur. \u201cFue el gobernador Leonel Brisola quien promovi\u00f3 el transporte y facilit\u00f3 el acceso de los j\u00f3venes de los suburbios m\u00e1s distantes a las playas. Esa estrategia comenz\u00f3 a democratizar la arena y provoc\u00f3 el desprecio de la clase media m\u00e1s racista que castig\u00f3 pol\u00edticamente al gobernador. Hoy en d\u00eda la reacci\u00f3n no puede ser la misma que en los 80, existen leyes contra el racismo. Por eso es sorprendente ver que esa misma actitud contin\u00faa presente\u201d, relata Soares. \u201cA los j\u00f3venes negros se les trata siempre como sospechosos, lo que nos ayuda a entender, y esto es mucho m\u00e1s grave que cualquier robo en la playa, las m\u00e1s de 10.600 muertes provocadas por la polic\u00eda, la mayor\u00eda de j\u00f3venes, negros, pobres en territorios vulnerables\u201d.<\/p>\n<p>&nbsp;<\/p>\n<p>&nbsp;<\/p>\n<p>&nbsp;<\/p>\n","protected":false},"excerpt":{"rendered":"<p>El pasado fin de semana la polic\u00eda militar de R\u00edo de Janeiro impidi\u00f3 que 160 j\u00f3venes de los suburbios de la zona norte de la ciudad llegasen a las famosas playas de Ipanema y Copacabana. Los j\u00f3venes, menores negros y pobres, viajaban con lo puesto en varios autobuses de l\u00ednea hasta la privilegiada zona sur [&hellip;]<\/p>\n","protected":false},"author":4,"featured_media":22033,"comment_status":"open","ping_status":"open","sticky":false,"template":"","format":"standard","meta":{"footnotes":""},"categories":[84],"tags":[],"class_list":["post-22032","post","type-post","status-publish","format-standard","has-post-thumbnail","hentry","category-otras-noticias"],"_links":{"self":[{"href":"https:\/\/2horizontes.com\/index.php?rest_route=\/wp\/v2\/posts\/22032","targetHints":{"allow":["GET"]}}],"collection":[{"href":"https:\/\/2horizontes.com\/index.php?rest_route=\/wp\/v2\/posts"}],"about":[{"href":"https:\/\/2horizontes.com\/index.php?rest_route=\/wp\/v2\/types\/post"}],"author":[{"embeddable":true,"href":"https:\/\/2horizontes.com\/index.php?rest_route=\/wp\/v2\/users\/4"}],"replies":[{"embeddable":true,"href":"https:\/\/2horizontes.com\/index.php?rest_route=%2Fwp%2Fv2%2Fcomments&post=22032"}],"version-history":[{"count":4,"href":"https:\/\/2horizontes.com\/index.php?rest_route=\/wp\/v2\/posts\/22032\/revisions"}],"predecessor-version":[{"id":22043,"href":"https:\/\/2horizontes.com\/index.php?rest_route=\/wp\/v2\/posts\/22032\/revisions\/22043"}],"wp:featuredmedia":[{"embeddable":true,"href":"https:\/\/2horizontes.com\/index.php?rest_route=\/wp\/v2\/media\/22033"}],"wp:attachment":[{"href":"https:\/\/2horizontes.com\/index.php?rest_route=%2Fwp%2Fv2%2Fmedia&parent=22032"}],"wp:term":[{"taxonomy":"category","embeddable":true,"href":"https:\/\/2horizontes.com\/index.php?rest_route=%2Fwp%2Fv2%2Fcategories&post=22032"},{"taxonomy":"post_tag","embeddable":true,"href":"https:\/\/2horizontes.com\/index.php?rest_route=%2Fwp%2Fv2%2Ftags&post=22032"}],"curies":[{"name":"wp","href":"https:\/\/api.w.org\/{rel}","templated":true}]}}