{"id":22019,"date":"2015-08-28T14:10:18","date_gmt":"2015-08-28T13:10:18","guid":{"rendered":"http:\/\/2horizontes.com\/?p=22019"},"modified":"2015-08-28T14:10:18","modified_gmt":"2015-08-28T13:10:18","slug":"el-plan-de-refuerzo-de-limpieza-en-madrid-va-ahora-a-tetuan-y-hortaleza","status":"publish","type":"post","link":"https:\/\/2horizontes.com\/?p=22019","title":{"rendered":"El plan de refuerzo de limpieza en Madrid va ahora a Tetu\u00e1n y Hortaleza"},"content":{"rendered":"<p>EFE &#8211; La campa\u00f1a de refuerzo de la limpieza en las calles de Madrid aterriza ahora en determinadas zonas de los barrios de Tetu\u00e1n y Hortaleza, informa el Ayuntamiento de Madrid en una nota de prensa.<\/p>\n<p>Se trata de un pla de choque para intensificar las tareas de limpieza en los barrios madrile\u00f1os, adem\u00e1s de concienciar a los vecinos de la importancia de contribuir al mantenimiento de las calles.<\/p>\n<p>Concretamente, en el distrito de Tetu\u00e1n se est\u00e1 limpiando en la zona de Castillejo, entre las calles Bravo Murillo y Orense, Huesca y Sor \u00c1ngela de la Cruz, mientras que en Hortaleza se est\u00e1 actuando en el barrio de San Miguel, en el sector comprendido entre la avenida Virgen del Carmen, avenida de San Luis, calle de Luis Buitrago y calle de Totana.<\/p>\n<p>Con este plan se retirar\u00e1n todos los residuos que se encuentren en los puntos de recogida y fuera de \u00e9stos, se quitar\u00e1n pintadas, manchas de grasa o de cualquier otro tipo, incluyendo las que se encuentren en el mobiliario urbano, y se har\u00e1n barridos y baldeos mixtos con el uso de olorizante.<\/p>\n<p>Los inspectores de la Direcci\u00f3n General de Servicios de Limpieza continuar\u00e1n la campa\u00f1a informativa a los comerciantes de la zona y a los vecinos, de forma paralela a las actuaciones de refuerzo.<\/p>\n<p>La campa\u00f1a ya se ha realizado en barrios de Usera, Villaverde, Carabanchel, Latina, Lavapi\u00e9s, Fuencarral, Vallecas, Barajas, Arg\u00fcelles, Chamber\u00ed, Salamanca, Chamart\u00edn, Retiro, Arganzuela, Hortaleza y Moncloa-Aravaca.<\/p>\n","protected":false},"excerpt":{"rendered":"<p>EFE &#8211; La campa\u00f1a de refuerzo de la limpieza en las calles de Madrid aterriza ahora en determinadas zonas de los barrios de Tetu\u00e1n y Hortaleza, informa el Ayuntamiento de Madrid en una nota de prensa. Se trata de un pla de choque para intensificar las tareas de limpieza en los barrios madrile\u00f1os, adem\u00e1s de [&hellip;]<\/p>\n","protected":false},"author":3,"featured_media":22021,"comment_status":"open","ping_status":"open","sticky":false,"template":"","format":"standard","meta":{"footnotes":""},"categories":[85],"tags":[],"class_list":["post-22019","post","type-post","status-publish","format-standard","has-post-thumbnail","hentry","category-espana"],"_links":{"self":[{"href":"https:\/\/2horizontes.com\/index.php?rest_route=\/wp\/v2\/posts\/22019","targetHints":{"allow":["GET"]}}],"collection":[{"href":"https:\/\/2horizontes.com\/index.php?rest_route=\/wp\/v2\/posts"}],"about":[{"href":"https:\/\/2horizontes.com\/index.php?rest_route=\/wp\/v2\/types\/post"}],"author":[{"embeddable":true,"href":"https:\/\/2horizontes.com\/index.php?rest_route=\/wp\/v2\/users\/3"}],"replies":[{"embeddable":true,"href":"https:\/\/2horizontes.com\/index.php?rest_route=%2Fwp%2Fv2%2Fcomments&post=22019"}],"version-history":[{"count":1,"href":"https:\/\/2horizontes.com\/index.php?rest_route=\/wp\/v2\/posts\/22019\/revisions"}],"predecessor-version":[{"id":22022,"href":"https:\/\/2horizontes.com\/index.php?rest_route=\/wp\/v2\/posts\/22019\/revisions\/22022"}],"wp:featuredmedia":[{"embeddable":true,"href":"https:\/\/2horizontes.com\/index.php?rest_route=\/wp\/v2\/media\/22021"}],"wp:attachment":[{"href":"https:\/\/2horizontes.com\/index.php?rest_route=%2Fwp%2Fv2%2Fmedia&parent=22019"}],"wp:term":[{"taxonomy":"category","embeddable":true,"href":"https:\/\/2horizontes.com\/index.php?rest_route=%2Fwp%2Fv2%2Fcategories&post=22019"},{"taxonomy":"post_tag","embeddable":true,"href":"https:\/\/2horizontes.com\/index.php?rest_route=%2Fwp%2Fv2%2Ftags&post=22019"}],"curies":[{"name":"wp","href":"https:\/\/api.w.org\/{rel}","templated":true}]}}