{"id":2199,"date":"2014-09-24T10:36:56","date_gmt":"2014-09-24T10:36:56","guid":{"rendered":"http:\/\/2horizontes.com\/?p=2199"},"modified":"2014-09-24T10:36:56","modified_gmt":"2014-09-24T10:36:56","slug":"policia-detiene-a-presunto-pederasta-en-santander","status":"publish","type":"post","link":"https:\/\/2horizontes.com\/?p=2199","title":{"rendered":"Polic\u00eca detiene a presunto  pederasta en Santander"},"content":{"rendered":"<p><a href=\"http:\/\/2horizontes.com\/wp-content\/uploads\/2014\/09\/madrid8.png\"><img loading=\"lazy\" decoding=\"async\" src=\"http:\/\/2horizontes.com\/wp-content\/uploads\/2014\/09\/madrid8-300x169.png\" alt=\"madrid8\" width=\"300\" height=\"169\" class=\"alignleft size-medium wp-image-2200\" srcset=\"https:\/\/2horizontes.com\/wp-content\/uploads\/2014\/09\/madrid8-300x169.png 300w, https:\/\/2horizontes.com\/wp-content\/uploads\/2014\/09\/madrid8-510x288.png 510w, https:\/\/2horizontes.com\/wp-content\/uploads\/2014\/09\/madrid8-624x352.png 624w, https:\/\/2horizontes.com\/wp-content\/uploads\/2014\/09\/madrid8.png 748w\" sizes=\"auto, (max-width: 300px) 100vw, 300px\" \/><\/a><\/p>\n<p>La Polic\u00eda Nacional ha detenido a un hombre sospechoso de ser el pederasta de Ciudad Lineal (Madrid) en el marco de un dispositivo policial desplegado tras meses de investigaci\u00f3n, seg\u00fan ha informado el ministro del Interior, Jorge Fern\u00e1ndez D\u00edaz, en rueda de prensa. El sospechoso, Antonio R. M., ha sido apresado en Santander (Cantabria) a las 7.37 de este mi\u00e9rcoles y la polic\u00eda le atribuye cinco secuestros de menores y abusos sexuales consumados y tres tentativas, todos de ni\u00f1as de entre cinco y 11 a\u00f1os, seg\u00fan ha relatado el ministro.<\/p>\n<p>El detenido es de nacionalidad espa\u00f1ola, tiene 42 a\u00f1os \u00abaunque aparenta menos edad\u00bb y un \u00abdilatado historial delictivo, con antecedentes en secuestro, detenciones ilegales, robos con violencia e incluso una condena a siete a\u00f1os de c\u00e1rcel por abuso sexual de una ni\u00f1a de seis a\u00f1os\u00bb, ha explicado Fern\u00e1ndez D\u00edaz. En la c\u00e1rcel estuvo preso en los a\u00f1os noventa.<\/p>\n<p>El presunto pederasta de Ciudad Lineal ten\u00eda fijada su residencia habitual en la capital. Se hab\u00eda desplazado a Santander, al domicilio de un familiar, para \u00abquitarse de en medio\u00bb, seg\u00fan fuentes policiales. Antonio R. M. se hab\u00eda dedicado a la compraventa de coches y tecnolog\u00eda, era aficionado al culturismo y a las artes marciales, y ten\u00eda relaci\u00f3n con el crimen organizado, ha informado el ministro Fern\u00e1ndez D\u00edaz. Fuentes policiales le describen como un \u00abaut\u00e9ntico depredador\u00bb.<\/p>\n<p>El ministro ha confirmado que las agresiones se produc\u00edan contra menores con las que no ten\u00eda ninguna relaci\u00f3n y con las que contactaba en parques o zonas de ocio habituales de menores, factores que complicaron la investigaci\u00f3n.<\/p>\n<p>El detenido llevaba dos semanas vigilado por la polic\u00eda en Santander, ciudad a la que se desplaz\u00f3 para distraer a los investigadores, que le segu\u00edan la pista. Lleg\u00f3 a dormir en el coche para esquivar la vigilancia. Finalmente ha sido arrestado esta ma\u00f1ana y est\u00e1 siendo trasladado a la capital.<\/p>\n<p>Seg\u00fan la investigaci\u00f3n, que dirige el Juzgado de Instrucci\u00f3n n\u00famero 10 de Madrid y permanece secreta, traslad\u00f3 a una de las menores a una vivienda deshabitada de su familia. En otros casos utiliz\u00f3 descampados y diferentes veh\u00edculos, a los que ten\u00eda acceso por sus relaci\u00f3n comercial con una compraventa. De hecho, dos de los coches presuntamente utilizados se ofertaba en p\u00e1ginas de Internet. La polic\u00eda sigue investigando porque una de las menores atacadas ni siquiera hab\u00eda contado los hechos a su familia.<\/p>\n<p>\u201cSe ha demostrado la participaci\u00f3n del detenido en cinco hechos consumados y tres tentativas durante el \u00faltimo a\u00f1o. Atacaba en todos los casos a ni\u00f1as de entre cinco y 11 a\u00f1os de escaso desarrollo f\u00edsico. En el entorno de zonas recreativas de menores, parques y establecimientos de golosinas y atacaba a ni\u00f1as con las que no ten\u00eda relaci\u00f3n previa ni somet\u00eda a vigilancia. Un pederasta no preferencial, seg\u00fan el argot\u00bb, ha explicado Fern\u00e1ndez D\u00edaz.<\/p>\n<p>\u201cCuando consegu\u00eda que le acompa\u00f1asen a su veh\u00edculo o a sus viviendas que variaba en cada ocasi\u00f3n o las trasladaba a descampados cercanos. Actuaba en zonas que conoc\u00eda y evitando zonas de c\u00e1maras de seguridad. Su control de impulsos le permit\u00eda preparar sus cr\u00edmenes, narcotizando a sus menores. En alguna ocasi\u00f3n las trasladaba a una vivienda desocupada que la polic\u00eda sospecha que pertenec\u00eda a su familia donde practicaba sus agresiones durante horas. Su frialdad les llevaba a lavarlas con agua o a ducharlas en la vivienda\u201d, continu\u00f3 el relato el ministro.<\/p>\n","protected":false},"excerpt":{"rendered":"<p>La Polic\u00eda Nacional ha detenido a un hombre sospechoso de ser el pederasta de Ciudad Lineal (Madrid) en el marco de un dispositivo policial desplegado tras meses de investigaci\u00f3n, seg\u00fan ha informado el ministro del Interior, Jorge Fern\u00e1ndez D\u00edaz, en rueda de prensa. El sospechoso, Antonio R. M., ha sido apresado en Santander (Cantabria) a [&hellip;]<\/p>\n","protected":false},"author":1,"featured_media":0,"comment_status":"open","ping_status":"open","sticky":false,"template":"","format":"standard","meta":{"footnotes":""},"categories":[1],"tags":[],"class_list":["post-2199","post","type-post","status-publish","format-standard","hentry","category-entretenimiento"],"_links":{"self":[{"href":"https:\/\/2horizontes.com\/index.php?rest_route=\/wp\/v2\/posts\/2199","targetHints":{"allow":["GET"]}}],"collection":[{"href":"https:\/\/2horizontes.com\/index.php?rest_route=\/wp\/v2\/posts"}],"about":[{"href":"https:\/\/2horizontes.com\/index.php?rest_route=\/wp\/v2\/types\/post"}],"author":[{"embeddable":true,"href":"https:\/\/2horizontes.com\/index.php?rest_route=\/wp\/v2\/users\/1"}],"replies":[{"embeddable":true,"href":"https:\/\/2horizontes.com\/index.php?rest_route=%2Fwp%2Fv2%2Fcomments&post=2199"}],"version-history":[{"count":1,"href":"https:\/\/2horizontes.com\/index.php?rest_route=\/wp\/v2\/posts\/2199\/revisions"}],"predecessor-version":[{"id":2201,"href":"https:\/\/2horizontes.com\/index.php?rest_route=\/wp\/v2\/posts\/2199\/revisions\/2201"}],"wp:attachment":[{"href":"https:\/\/2horizontes.com\/index.php?rest_route=%2Fwp%2Fv2%2Fmedia&parent=2199"}],"wp:term":[{"taxonomy":"category","embeddable":true,"href":"https:\/\/2horizontes.com\/index.php?rest_route=%2Fwp%2Fv2%2Fcategories&post=2199"},{"taxonomy":"post_tag","embeddable":true,"href":"https:\/\/2horizontes.com\/index.php?rest_route=%2Fwp%2Fv2%2Ftags&post=2199"}],"curies":[{"name":"wp","href":"https:\/\/api.w.org\/{rel}","templated":true}]}}