{"id":21988,"date":"2015-08-28T13:40:42","date_gmt":"2015-08-28T12:40:42","guid":{"rendered":"http:\/\/2horizontes.com\/?p=21988"},"modified":"2015-08-28T13:40:42","modified_gmt":"2015-08-28T12:40:42","slug":"cumple-una-semana-cerrada-la-frontera-colombia-venezuela","status":"publish","type":"post","link":"https:\/\/2horizontes.com\/?p=21988","title":{"rendered":"Cumple una semana cerrada la frontera Colombia-Venezuela"},"content":{"rendered":"<div id=\"ArticleAuthorDiv\" class=\"article-body-author\"><b>AP<\/b><\/div>\n<div id=\"ArticleSourceDiv\" class=\"article-body-author\"><b>CARACAS, Venezuela<\/b><\/div>\n<div id=\"ArticleBody\">\n<p>La frontera entre Colombia y Venezuela cumpli\u00f3 ayer una semana cerrada por decisi\u00f3n del presidente venezolano Nicol\u00e1s Maduro que afirm\u00f3 que el mandatario colombiano Juan Manuel Santos ha mentido en torno al caso.<\/p>\n<p>Maduro orden\u00f3 el cierre fronterizo luego de que presuntos contrabandistas colombianos hirieron a tres militares venezolanos, y desde entonces 1.097 colombianos han sido deportados desde Venezuela y hay m\u00faltiples denuncias de maltratos.<\/p>\n<p>La Defensor\u00eda del Pueblo colombiana inform\u00f3 que ha recibido 451 quejas \u00absiendo el desalojo de vivienda el tema com\u00fan entre los denunciantes, que adem\u00e1s advierten situaciones como la desintegraci\u00f3n familiar con 113 casos, el maltrato f\u00edsico y verbal de las autoridades venezolanas con 115 hechos reportados; la destrucci\u00f3n de viviendas, con 52 declaraciones; el despojo de pertenencias durante los desalojos, con 41 quejas, y la retenci\u00f3n de documentos, con 32\u00bb.<\/p>\n<p>El presidente Maduro objet\u00f3 las declaraciones que realiz\u00f3 el presidente Santos durante una visita el mi\u00e9rcoles a la frontera.<\/p>\n<p>\u00abEl presidente Santos la embarr\u00f3 en (la ciudad colombiana de) C\u00facuta porque minti\u00f3\u00bb, dijo el gobernante venezolano durante un acto en Caracas.<\/p>\n<p>Afirm\u00f3 que al mandatario colombiano \u00ablo enga\u00f1aron vilmente\u00bb, y que todo lo que dijo es \u00abfalso\u00bb. Y luego se refiri\u00f3 a un encuentro el mi\u00e9rcoles en Cartagena de Indias, de las cancilleres de ambos pa\u00edses, Mar\u00eda Angela Holgu\u00edn y Delcy Rodr\u00edguez, que concluy\u00f3 sin acuerdo sobre el cierre fronterizo.<\/p>\n<p>\u00abNosotros fuimos de buena fe a Cartagena ayer y se estaba iniciando un camino all\u00ed, y vino el presidente Santos&#8230;la embarr\u00f3\u00bb, agreg\u00f3.<\/p>\n<p>Afirm\u00f3 que mantendr\u00e1 la medida de cierre de los pasos fronterizos en el estado suroccidental del T\u00e1chira hasta que el gobierno de Colombia proteja a los habitantes de departamento colombiano del Norte del Santander de los ataques de paramilitares, y hasta que el gobierno de Santos proh\u00edba la venta en territorio colombiano de productos venezolanos sacados de contrabando, seg\u00fan adujo.<\/p>\n<p>Maduro denunci\u00f3 la existencia en Colombia de una campa\u00f1a de \u00abodio contra m\u00ed y contra la patria venezolana\u00bb. \u00a0 \u00a0Para la canciller colombiana la cooperaci\u00f3n entre los dos pa\u00edses es la herramienta para combatir el contrabando y no el cierre de la frontera.<\/p>\n<p>En una entrevista con la emisora local Caracol Radio, Holgu\u00edn indic\u00f3 que Santos ha tratado sin suerte de comunicarse con Maduro. \u00abEl presidente Santos lo llam\u00f3 el fin de semana y no hab\u00eda recibido respuesta de \u00e9l\u00bb, explic\u00f3<\/p>\n<p>En tanto, \u00c9ver Montes, de 37 a\u00f1os, cont\u00f3 a The Associated Press por tel\u00e9fono c\u00f3mo fue su deportaci\u00f3n el s\u00e1bado despu\u00e9s de vivir casi 20 a\u00f1os en Venezuela. \u00abNos tuvieron en una cancha al sol y nos sacaron de la casa a las seis de la ma\u00f1ana, como a unos perros. Nos pusieron al sol como hasta las 11&#8230; Nos tuvieron todo el d\u00eda sin agua, sin darnos nada. Hab\u00eda ni\u00f1os y mujeres. A las cuatro de la tarde nos montaron en un bus\u00bb, relat\u00f3.<\/p>\n<p>Su esposa, que se encuentra embarazada, se qued\u00f3 en San Antonio del T\u00e1chira. La v\u00edspera Santos sostuvo que \u00abno es admisible, bajo ninguna circunstancia, la forma como muchos colombianos han sido expulsados del territorio venezolano dejando atr\u00e1s hijos, muchos de ellos ni\u00f1os, como la hija de 12 a\u00f1os de una se\u00f1ora que me cont\u00f3 su historia y que se qued\u00f3 al otro lado de la frontera mientras a su mam\u00e1 la sacaban de donde hab\u00eda vivido por a\u00f1os\u00bb.<\/p>\n<p>Aunque unos cinco millones de colombianos viven en Venezuela, la ofensiva de seguridad se ha enfocado en algunos poblados cercanos a la frontera. Seg\u00fan Maduro en dichas poblaciones la escasez generalizada y la delincuencia rampante se deben a bandas de inmigrantes.<\/p>\n<p>Maduro orden\u00f3 el cierre de la frontera la semana pasada luego de que hombres armados, seg\u00fan Caracas paramilitares, hirieron a tres militares venezolanos que efectuaban un patrullaje para combatir el contrabando.<\/p>\n<p>El cierre de los pasos fronterizos en T\u00e1chira est\u00e1 generando p\u00e9rdidas millonarias a empresas y comercios que operan en la regi\u00f3n y se teme que la situaci\u00f3n econ\u00f3mica se agrave de persistir el cierre.<\/p>\n<p>M\u00e1s de 50% de las miles de empresas, industrias y comercios que operan en los seis municipios de T\u00e1chira se encuentran paralizadas parcial o totalmente por falta de personal, materia prima e insumos, indic\u00f3 el jueves Isidoro Teres, presidente de la comisi\u00f3n de asuntos fronterizos de la mayor c\u00e1mara de empresarios de Venezuela.<\/p>\n<p>Teres explic\u00f3 que cerca de 80% de los trabajadores de las empresas venezolanas de la frontera son colombianos y al cerrarse los pasos fronterizos e impedirse el tr\u00e1nsito hacia Venezuela la mayor\u00eda de las industrias y comercios se han quedado sin empleados.<\/p>\n<p>A ello se suma el hecho de que cerca de 20.000 venezolanos que habitan en las localidades fronterizas laboran en Colombia y desde que se cerr\u00f3 la frontera no han podido llegar a sus trabajos, lo que ha puesto en riesgo su estabilidad laboral y econ\u00f3mica, precis\u00f3 el dirigente empresarial.<\/p>\n<p>Teres dijo a AP que, aunque no se ha cuantificado una cifra exacta, se estima que el cierre de los pasos fronterizos est\u00e1 generando p\u00e9rdidas millonarias a las m\u00e1s de 4.000 compa\u00f1\u00edas, industrias y comercios de la zona.<\/p>\n<\/div>\n","protected":false},"excerpt":{"rendered":"<p>AP CARACAS, Venezuela La frontera entre Colombia y Venezuela cumpli\u00f3 ayer una semana cerrada por decisi\u00f3n del presidente venezolano Nicol\u00e1s Maduro que afirm\u00f3 que el mandatario colombiano Juan Manuel Santos ha mentido en torno al caso. Maduro orden\u00f3 el cierre fronterizo luego de que presuntos contrabandistas colombianos hirieron a tres militares venezolanos, y desde entonces [&hellip;]<\/p>\n","protected":false},"author":7,"featured_media":21990,"comment_status":"open","ping_status":"open","sticky":false,"template":"","format":"standard","meta":{"footnotes":""},"categories":[50,54,40,43,48],"tags":[],"class_list":["post-21988","post","type-post","status-publish","format-standard","has-post-thumbnail","hentry","category-colombia","category-emigrantes","category-internacionales","category-politica","category-venezuela"],"_links":{"self":[{"href":"https:\/\/2horizontes.com\/index.php?rest_route=\/wp\/v2\/posts\/21988","targetHints":{"allow":["GET"]}}],"collection":[{"href":"https:\/\/2horizontes.com\/index.php?rest_route=\/wp\/v2\/posts"}],"about":[{"href":"https:\/\/2horizontes.com\/index.php?rest_route=\/wp\/v2\/types\/post"}],"author":[{"embeddable":true,"href":"https:\/\/2horizontes.com\/index.php?rest_route=\/wp\/v2\/users\/7"}],"replies":[{"embeddable":true,"href":"https:\/\/2horizontes.com\/index.php?rest_route=%2Fwp%2Fv2%2Fcomments&post=21988"}],"version-history":[{"count":1,"href":"https:\/\/2horizontes.com\/index.php?rest_route=\/wp\/v2\/posts\/21988\/revisions"}],"predecessor-version":[{"id":21991,"href":"https:\/\/2horizontes.com\/index.php?rest_route=\/wp\/v2\/posts\/21988\/revisions\/21991"}],"wp:featuredmedia":[{"embeddable":true,"href":"https:\/\/2horizontes.com\/index.php?rest_route=\/wp\/v2\/media\/21990"}],"wp:attachment":[{"href":"https:\/\/2horizontes.com\/index.php?rest_route=%2Fwp%2Fv2%2Fmedia&parent=21988"}],"wp:term":[{"taxonomy":"category","embeddable":true,"href":"https:\/\/2horizontes.com\/index.php?rest_route=%2Fwp%2Fv2%2Fcategories&post=21988"},{"taxonomy":"post_tag","embeddable":true,"href":"https:\/\/2horizontes.com\/index.php?rest_route=%2Fwp%2Fv2%2Ftags&post=21988"}],"curies":[{"name":"wp","href":"https:\/\/api.w.org\/{rel}","templated":true}]}}