{"id":21974,"date":"2015-08-28T13:16:42","date_gmt":"2015-08-28T12:16:42","guid":{"rendered":"http:\/\/2horizontes.com\/?p=21974"},"modified":"2015-08-28T13:16:42","modified_gmt":"2015-08-28T12:16:42","slug":"republica-dominicana-suspenden-la-docencia-en-todo-el-pais-ante-el-paso-de-la-tormenta-erika","status":"publish","type":"post","link":"https:\/\/2horizontes.com\/?p=21974","title":{"rendered":"Rep\u00fablica Dominicana: suspenden la docencia en todo el pa\u00eds ante el paso de la tormenta Erika"},"content":{"rendered":"<p>Rep\u00fablica Dominicana<\/p>\n<p>Las autoridades del Ministerio de Educaci\u00f3n \u00a0suspendieron la docencia en todo el pa\u00eds, debido al paso por el pa\u00eds de la tormenta Erika.<\/p>\n<p>As\u00ed lo inform\u00f3 el Ministerio de Educaci\u00f3n, explicando que tom\u00f3 la medida ante el cambio de trayectoria que tom\u00f3 el fen\u00f3meno.<\/p>\n<p>\u00abLas # Clases est\u00e1n suspendidas en TODO el pa\u00eds por los cambios que tuvo la tormenta # \u00c9rika en las \u00faltimas horas\u00bb, public\u00f3 la instituci\u00f3n en su cuenta de <a href=\"http:\/\/www.web24it.com\/\" target=\"'_blank'\">Twitter<\/a>.<\/p>\n<p>Educaci\u00f3n hab\u00eda suspendido las clases solamente en las nueve provincias en alerta roja y no en las dem\u00e1s zonas del pa\u00eds.<\/p>\n<p>Se tiene previst\u00f3 que la tormenta Erika pase por el pa\u00eds alrededor de las 2:00 de la tarde. De acuerdo al \u00faltimo informe, \u00e9sta atravesar\u00eda por la parte central de la naci\u00f3n.<\/p>\n","protected":false},"excerpt":{"rendered":"<p>Rep\u00fablica Dominicana Las autoridades del Ministerio de Educaci\u00f3n \u00a0suspendieron la docencia en todo el pa\u00eds, debido al paso por el pa\u00eds de la tormenta Erika. As\u00ed lo inform\u00f3 el Ministerio de Educaci\u00f3n, explicando que tom\u00f3 la medida ante el cambio de trayectoria que tom\u00f3 el fen\u00f3meno. \u00abLas # Clases est\u00e1n suspendidas en TODO el pa\u00eds [&hellip;]<\/p>\n","protected":false},"author":7,"featured_media":21975,"comment_status":"open","ping_status":"open","sticky":false,"template":"","format":"standard","meta":{"footnotes":""},"categories":[55,44],"tags":[],"class_list":["post-21974","post","type-post","status-publish","format-standard","has-post-thumbnail","hentry","category-educacion","category-republica-dominicana"],"_links":{"self":[{"href":"https:\/\/2horizontes.com\/index.php?rest_route=\/wp\/v2\/posts\/21974","targetHints":{"allow":["GET"]}}],"collection":[{"href":"https:\/\/2horizontes.com\/index.php?rest_route=\/wp\/v2\/posts"}],"about":[{"href":"https:\/\/2horizontes.com\/index.php?rest_route=\/wp\/v2\/types\/post"}],"author":[{"embeddable":true,"href":"https:\/\/2horizontes.com\/index.php?rest_route=\/wp\/v2\/users\/7"}],"replies":[{"embeddable":true,"href":"https:\/\/2horizontes.com\/index.php?rest_route=%2Fwp%2Fv2%2Fcomments&post=21974"}],"version-history":[{"count":1,"href":"https:\/\/2horizontes.com\/index.php?rest_route=\/wp\/v2\/posts\/21974\/revisions"}],"predecessor-version":[{"id":21976,"href":"https:\/\/2horizontes.com\/index.php?rest_route=\/wp\/v2\/posts\/21974\/revisions\/21976"}],"wp:featuredmedia":[{"embeddable":true,"href":"https:\/\/2horizontes.com\/index.php?rest_route=\/wp\/v2\/media\/21975"}],"wp:attachment":[{"href":"https:\/\/2horizontes.com\/index.php?rest_route=%2Fwp%2Fv2%2Fmedia&parent=21974"}],"wp:term":[{"taxonomy":"category","embeddable":true,"href":"https:\/\/2horizontes.com\/index.php?rest_route=%2Fwp%2Fv2%2Fcategories&post=21974"},{"taxonomy":"post_tag","embeddable":true,"href":"https:\/\/2horizontes.com\/index.php?rest_route=%2Fwp%2Fv2%2Ftags&post=21974"}],"curies":[{"name":"wp","href":"https:\/\/api.w.org\/{rel}","templated":true}]}}